{"id":755,"date":"2017-06-19T09:54:08","date_gmt":"2017-06-19T06:54:08","guid":{"rendered":"http:\/\/www.koroinen.fi\/artikkelit\/?p=755"},"modified":"2017-06-22T09:42:17","modified_gmt":"2017-06-22T06:42:17","slug":"toivon-ja-tuhon-tie","status":"publish","type":"post","link":"https:\/\/www.koroinen.fi\/artikkelit\/toivon-ja-tuhon-tie\/","title":{"rendered":"Toivon ja tuhon tie"},"content":{"rendered":"<figure id=\"attachment_756\" aria-describedby=\"caption-attachment-756\" style=\"width: 377px\" class=\"wp-caption aligncenter\"><a href=\"http:\/\/www.koroinen.fi\/artikkelit\/wp-content\/uploads\/2017\/06\/IMG_0586.jpg\"><img loading=\"lazy\" decoding=\"async\" class=\"wp-image-756\" src=\"http:\/\/www.koroinen.fi\/artikkelit\/wp-content\/uploads\/2017\/06\/IMG_0586.jpg\" alt=\"\" width=\"387\" height=\"290\" srcset=\"https:\/\/www.koroinen.fi\/artikkelit\/wp-content\/uploads\/2017\/06\/IMG_0586.jpg 640w, https:\/\/www.koroinen.fi\/artikkelit\/wp-content\/uploads\/2017\/06\/IMG_0586-300x225.jpg 300w\" sizes=\"auto, (max-width: 387px) 100vw, 387px\" \/><\/a><figcaption id=\"caption-attachment-756\" class=\"wp-caption-text\">Vartiovuoren laella oli punakaartin p\u00e4\u00e4maja, Smolna.<\/figcaption><\/figure>\n<h3>N\u00e4ytelm\u00e4 turkulaisten vallankumouksellisten tiest\u00e4<\/h3>\n<h3><a href=\"http:\/\/www.koroinen.fi\/artikkelit\/wp-content\/uploads\/2017\/06\/SuomiFinland100-tunnus_1.jpg\"><img loading=\"lazy\" decoding=\"async\" class=\"wp-image-764 alignleft\" src=\"http:\/\/www.koroinen.fi\/artikkelit\/wp-content\/uploads\/2017\/06\/SuomiFinland100-tunnus_1.jpg\" alt=\"\" width=\"111\" height=\"92\" srcset=\"https:\/\/www.koroinen.fi\/artikkelit\/wp-content\/uploads\/2017\/06\/SuomiFinland100-tunnus_1.jpg 720w, https:\/\/www.koroinen.fi\/artikkelit\/wp-content\/uploads\/2017\/06\/SuomiFinland100-tunnus_1-300x250.jpg 300w\" sizes=\"auto, (max-width: 111px) 100vw, 111px\" \/><\/a><\/h3>\n<p>N\u00e4ytelm\u00e4 <i>To<\/i><i>i<\/i><i>vo<\/i><i>n<\/i> <i>ja<\/i> <i>tuh<\/i><i>o<\/i><i>n<\/i> <i>tie<\/i> kertoo turkulaisten vallankumouksellisten tiest\u00e4 muutaman kuukauden aikana vuosina 1917 ja 1918.<\/p>\n<p>&nbsp;<\/p>\n<p><!--more--><\/p>\n<p>N\u00e4ytelm\u00e4n <strong>nettisivu<\/strong> l\u00f6ytyy\u00a0<a href=\"http:\/\/www.koroinen.fi\/turku1918.html\" target=\"_blank\" rel=\"noopener\">t\u00e4st\u00e4<\/a> linkist\u00e4 ja sen <strong>Facebook -tapahtumasivu<\/strong> <a href=\"https:\/\/www.facebook.com\/events\/127372544485185\/?fref=ts\">t\u00e4st\u00e4.<\/a><\/p>\n<p>N\u00e4ytelm\u00e4n <strong>esittely pdf-muodossa<\/strong> l\u00f6ytyy\u00a0 <a href=\"http:\/\/www.koroinen.fi\/artikkelit\/wp-content\/uploads\/2017\/06\/UudetEsitteet.pdf\" target=\"_blank\" rel=\"noopener\">t\u00e4st\u00e4.<\/a><\/p>\n<p><strong>Liput<\/strong>: 18 euroa\/el\u00e4kel\u00e4iset 15 euroa\/ryhm\u00e4liput a\u00b415 euroa, ryhm\u00e4n koko min. 20 henkil\u00f6, ryhm\u00e4n kokoaja maksutta\/maks. 100 henkil\u00f6\u00e4\/n\u00e4yt\u00f6s.<\/p>\n<p><strong>Lippukauppaan<\/strong> p\u00e4\u00e4see <a href=\"http:\/\/koroinen.tapahtumiin.fi\/fi\/\/\" target=\"_blank\" rel=\"noopener\">t\u00e4st\u00e4.<\/a><\/p>\n<p><strong>Varaukset ja tiedustelu<\/strong>t: Timo Leinonen, puh 040 7425 061, s\u00e4hk\u00f6posti: timo.a.leinonen[at]gmail.com<\/p>\n<p>&nbsp;<\/p>\n","protected":false},"excerpt":{"rendered":"<p>N\u00e4ytelm\u00e4 turkulaisten vallankumouksellisten tiest\u00e4 N\u00e4ytelm\u00e4 Toivon ja tuhon tie kertoo turkulaisten vallankumouksellisten tiest\u00e4 muutaman kuukauden aikana vuosina 1917 ja 1918. &nbsp;<\/p>\n","protected":false},"author":1,"featured_media":0,"comment_status":"closed","ping_status":"closed","sticky":false,"template":"","format":"standard","meta":{"footnotes":""},"categories":[48,40],"tags":[51,36,52,49,46],"class_list":["post-755","post","type-post","status-publish","format-standard","hentry","category-ilmoitukset","category-tapahtuma","tag-harri-raitis","tag-kotiseutuyhdistys-halinen-rantamaki-ry","tag-mikko-rantanen","tag-teatteri","tag-toivon-ja-tuhon-tie-naytelma"],"_links":{"self":[{"href":"https:\/\/www.koroinen.fi\/artikkelit\/wp-json\/wp\/v2\/posts\/755","targetHints":{"allow":["GET"]}}],"collection":[{"href":"https:\/\/www.koroinen.fi\/artikkelit\/wp-json\/wp\/v2\/posts"}],"about":[{"href":"https:\/\/www.koroinen.fi\/artikkelit\/wp-json\/wp\/v2\/types\/post"}],"author":[{"embeddable":true,"href":"https:\/\/www.koroinen.fi\/artikkelit\/wp-json\/wp\/v2\/users\/1"}],"replies":[{"embeddable":true,"href":"https:\/\/www.koroinen.fi\/artikkelit\/wp-json\/wp\/v2\/comments?post=755"}],"version-history":[{"count":10,"href":"https:\/\/www.koroinen.fi\/artikkelit\/wp-json\/wp\/v2\/posts\/755\/revisions"}],"predecessor-version":[{"id":770,"href":"https:\/\/www.koroinen.fi\/artikkelit\/wp-json\/wp\/v2\/posts\/755\/revisions\/770"}],"wp:attachment":[{"href":"https:\/\/www.koroinen.fi\/artikkelit\/wp-json\/wp\/v2\/media?parent=755"}],"wp:term":[{"taxonomy":"category","embeddable":true,"href":"https:\/\/www.koroinen.fi\/artikkelit\/wp-json\/wp\/v2\/categories?post=755"},{"taxonomy":"post_tag","embeddable":true,"href":"https:\/\/www.koroinen.fi\/artikkelit\/wp-json\/wp\/v2\/tags?post=755"}],"curies":[{"name":"wp","href":"https:\/\/api.w.org\/{rel}","templated":true}]}}