{"id":637,"date":"2017-03-13T13:29:14","date_gmt":"2017-03-13T11:29:14","guid":{"rendered":"http:\/\/www.koroinen.fi\/artikkelit\/?p=637"},"modified":"2017-03-13T13:40:52","modified_gmt":"2017-03-13T11:40:52","slug":"mikael-agricola-symposiumin-seminaariosion-kuvasarja","status":"publish","type":"post","link":"https:\/\/www.koroinen.fi\/artikkelit\/mikael-agricola-symposiumin-seminaariosion-kuvasarja\/","title":{"rendered":"Kuvasarja Mikael Agricola -symposiumin seminaariosiosta 11.3.2017"},"content":{"rendered":"<figure id=\"attachment_638\" aria-describedby=\"caption-attachment-638\" style=\"width: 389px\" class=\"wp-caption aligncenter\"><a href=\"http:\/\/www.koroinen.fi\/artikkelit\/wp-content\/uploads\/2017\/03\/DSC2657-\u2013-kopio.jpg\"><img loading=\"lazy\" decoding=\"async\" class=\" wp-image-638\" src=\"http:\/\/www.koroinen.fi\/artikkelit\/wp-content\/uploads\/2017\/03\/DSC2657-\u2013-kopio.jpg\" alt=\"\" width=\"399\" height=\"267\" srcset=\"https:\/\/www.koroinen.fi\/artikkelit\/wp-content\/uploads\/2017\/03\/DSC2657-\u2013-kopio.jpg 1024w, https:\/\/www.koroinen.fi\/artikkelit\/wp-content\/uploads\/2017\/03\/DSC2657-\u2013-kopio-300x201.jpg 300w, https:\/\/www.koroinen.fi\/artikkelit\/wp-content\/uploads\/2017\/03\/DSC2657-\u2013-kopio-768x514.jpg 768w\" sizes=\"auto, (max-width: 399px) 100vw, 399px\" \/><\/a><figcaption id=\"caption-attachment-638\" class=\"wp-caption-text\">Turun kristillisen opiston pieni auditorium<\/figcaption><\/figure>\n<p>Tilaisuuden valmisteluty\u00f6t ovat nyt jo loppusuoralla. Kuvia seminaarin vaiheista l\u00f6ytyy t\u00e4st\u00e4: <a href=\"http:\/\/www.koroinen.fi\/artikkelit\/wp-content\/uploads\/2017\/03\/Kuvasarja.pdf\">Kuvasarja<\/a>.<\/p>\n","protected":false},"excerpt":{"rendered":"<p>Tilaisuuden valmisteluty\u00f6t ovat nyt jo loppusuoralla. Kuvia seminaarin vaiheista l\u00f6ytyy t\u00e4st\u00e4: Kuvasarja.<\/p>\n","protected":false},"author":1,"featured_media":0,"comment_status":"closed","ping_status":"closed","sticky":false,"template":"","format":"standard","meta":{"footnotes":""},"categories":[5,1],"tags":[20,39,38,17,28],"class_list":["post-637","post","type-post","status-publish","format-standard","hentry","category-symposiumit","category-yleinen","tag-henkilohistoria","tag-mikael-agricola","tag-reformaatio","tag-symposium","tag-turun-kristillinen-opisto"],"_links":{"self":[{"href":"https:\/\/www.koroinen.fi\/artikkelit\/wp-json\/wp\/v2\/posts\/637","targetHints":{"allow":["GET"]}}],"collection":[{"href":"https:\/\/www.koroinen.fi\/artikkelit\/wp-json\/wp\/v2\/posts"}],"about":[{"href":"https:\/\/www.koroinen.fi\/artikkelit\/wp-json\/wp\/v2\/types\/post"}],"author":[{"embeddable":true,"href":"https:\/\/www.koroinen.fi\/artikkelit\/wp-json\/wp\/v2\/users\/1"}],"replies":[{"embeddable":true,"href":"https:\/\/www.koroinen.fi\/artikkelit\/wp-json\/wp\/v2\/comments?post=637"}],"version-history":[{"count":4,"href":"https:\/\/www.koroinen.fi\/artikkelit\/wp-json\/wp\/v2\/posts\/637\/revisions"}],"predecessor-version":[{"id":643,"href":"https:\/\/www.koroinen.fi\/artikkelit\/wp-json\/wp\/v2\/posts\/637\/revisions\/643"}],"wp:attachment":[{"href":"https:\/\/www.koroinen.fi\/artikkelit\/wp-json\/wp\/v2\/media?parent=637"}],"wp:term":[{"taxonomy":"category","embeddable":true,"href":"https:\/\/www.koroinen.fi\/artikkelit\/wp-json\/wp\/v2\/categories?post=637"},{"taxonomy":"post_tag","embeddable":true,"href":"https:\/\/www.koroinen.fi\/artikkelit\/wp-json\/wp\/v2\/tags?post=637"}],"curies":[{"name":"wp","href":"https:\/\/api.w.org\/{rel}","templated":true}]}}