{"id":600,"date":"2017-01-21T15:32:06","date_gmt":"2017-01-21T13:32:06","guid":{"rendered":"http:\/\/www.koroinen.fi\/artikkelit\/?p=600"},"modified":"2017-03-02T17:04:25","modified_gmt":"2017-03-02T15:04:25","slug":"reformaation-murroskaudesta-erityisesti-maarian-seurakunnassa","status":"publish","type":"post","link":"https:\/\/www.koroinen.fi\/artikkelit\/reformaation-murroskaudesta-erityisesti-maarian-seurakunnassa\/","title":{"rendered":"REFORMAATION MURROSKAUDESTA MAARIAN SEURAKUNNASSA"},"content":{"rendered":"<p><a href=\"http:\/\/www.koroinen.fi\/artikkelit\/wp-content\/uploads\/2017\/01\/YhteisjulkaisuluonnosKoroinen_Sivu_1.jpg\"><img loading=\"lazy\" decoding=\"async\" class=\"aligncenter size-full wp-image-608\" src=\"http:\/\/www.koroinen.fi\/artikkelit\/wp-content\/uploads\/2017\/01\/YhteisjulkaisuluonnosKoroinen_Sivu_1.jpg\" alt=\"\" width=\"2480\" height=\"3508\" srcset=\"https:\/\/www.koroinen.fi\/artikkelit\/wp-content\/uploads\/2017\/01\/YhteisjulkaisuluonnosKoroinen_Sivu_1.jpg 2480w, https:\/\/www.koroinen.fi\/artikkelit\/wp-content\/uploads\/2017\/01\/YhteisjulkaisuluonnosKoroinen_Sivu_1-212x300.jpg 212w, https:\/\/www.koroinen.fi\/artikkelit\/wp-content\/uploads\/2017\/01\/YhteisjulkaisuluonnosKoroinen_Sivu_1-768x1086.jpg 768w, https:\/\/www.koroinen.fi\/artikkelit\/wp-content\/uploads\/2017\/01\/YhteisjulkaisuluonnosKoroinen_Sivu_1-724x1024.jpg 724w\" sizes=\"auto, (max-width: 2480px) 100vw, 2480px\" \/><\/a><\/p>\n<p>Yksitt\u00e4iset tilaisuudet pdf-muodossa l\u00f6ytyy linkist\u00e4 <a href=\"http:\/\/www.koroinen.fi\/artikkelit\/wp-content\/uploads\/2017\/03\/YhteisjulkaisuKoroinen.pdf\">YhteisjulkaisuKoroinen<\/a>\u00a0 tai voit katsoa ne my\u00f6s t\u00e4st\u00e4 alta.<\/p>\n<p><!--more--><\/p>\n<p><a href=\"http:\/\/www.koroinen.fi\/artikkelit\/wp-content\/uploads\/2017\/01\/YhteisjulkaisuluonnosKoroinen_Sivu_2.jpg\"><img loading=\"lazy\" decoding=\"async\" class=\"aligncenter size-full wp-image-609\" src=\"http:\/\/www.koroinen.fi\/artikkelit\/wp-content\/uploads\/2017\/01\/YhteisjulkaisuluonnosKoroinen_Sivu_2.jpg\" alt=\"\" width=\"4960\" height=\"7028\" srcset=\"https:\/\/www.koroinen.fi\/artikkelit\/wp-content\/uploads\/2017\/01\/YhteisjulkaisuluonnosKoroinen_Sivu_2.jpg 4960w, https:\/\/www.koroinen.fi\/artikkelit\/wp-content\/uploads\/2017\/01\/YhteisjulkaisuluonnosKoroinen_Sivu_2-212x300.jpg 212w, https:\/\/www.koroinen.fi\/artikkelit\/wp-content\/uploads\/2017\/01\/YhteisjulkaisuluonnosKoroinen_Sivu_2-768x1088.jpg 768w, https:\/\/www.koroinen.fi\/artikkelit\/wp-content\/uploads\/2017\/01\/YhteisjulkaisuluonnosKoroinen_Sivu_2-723x1024.jpg 723w\" sizes=\"auto, (max-width: 4960px) 100vw, 4960px\" \/><\/a><\/p>\n<p>Mikael Agricola -symposiumin osan yksityiskohtaisempi ohjelma l\u00f6ytyy\u00a0 linkist\u00e4 \u00a0 <a href=\"http:\/\/www.koroinen.fi\/HaliSeura\/EsiteSymposium.pdf\">http:\/\/www.koroinen.fi\/HaliSeura\/EsiteSymposium.pdf <\/a><\/p>\n<p>Muut tapahtumat:<\/p>\n<p><!--more--> <a href=\"http:\/\/www.koroinen.fi\/artikkelit\/wp-content\/uploads\/2017\/01\/YhteisjulkaisuluonnosKoroinen_Sivu_3-1.jpg\"><img loading=\"lazy\" decoding=\"async\" class=\"aligncenter size-full wp-image-624\" src=\"http:\/\/www.koroinen.fi\/artikkelit\/wp-content\/uploads\/2017\/01\/YhteisjulkaisuluonnosKoroinen_Sivu_3-1.jpg\" alt=\"\" width=\"4960\" height=\"7016\" srcset=\"https:\/\/www.koroinen.fi\/artikkelit\/wp-content\/uploads\/2017\/01\/YhteisjulkaisuluonnosKoroinen_Sivu_3-1.jpg 4960w, https:\/\/www.koroinen.fi\/artikkelit\/wp-content\/uploads\/2017\/01\/YhteisjulkaisuluonnosKoroinen_Sivu_3-1-212x300.jpg 212w, https:\/\/www.koroinen.fi\/artikkelit\/wp-content\/uploads\/2017\/01\/YhteisjulkaisuluonnosKoroinen_Sivu_3-1-768x1086.jpg 768w, https:\/\/www.koroinen.fi\/artikkelit\/wp-content\/uploads\/2017\/01\/YhteisjulkaisuluonnosKoroinen_Sivu_3-1-724x1024.jpg 724w\" sizes=\"auto, (max-width: 4960px) 100vw, 4960px\" \/><\/a><\/p>\n<p>&nbsp;<\/p>\n","protected":false},"excerpt":{"rendered":"<p>Yksitt\u00e4iset tilaisuudet pdf-muodossa l\u00f6ytyy linkist\u00e4 YhteisjulkaisuKoroinen\u00a0 tai voit katsoa ne my\u00f6s t\u00e4st\u00e4 alta.<\/p>\n","protected":false},"author":1,"featured_media":0,"comment_status":"closed","ping_status":"closed","sticky":false,"template":"","format":"standard","meta":{"footnotes":""},"categories":[40],"tags":[32,26,23,39,38,28],"class_list":["post-600","post","type-post","status-publish","format-standard","hentry","category-tapahtuma","tag-lausunta","tag-maaria","tag-maarian-kirkko","tag-mikael-agricola","tag-reformaatio","tag-turun-kristillinen-opisto"],"_links":{"self":[{"href":"https:\/\/www.koroinen.fi\/artikkelit\/wp-json\/wp\/v2\/posts\/600","targetHints":{"allow":["GET"]}}],"collection":[{"href":"https:\/\/www.koroinen.fi\/artikkelit\/wp-json\/wp\/v2\/posts"}],"about":[{"href":"https:\/\/www.koroinen.fi\/artikkelit\/wp-json\/wp\/v2\/types\/post"}],"author":[{"embeddable":true,"href":"https:\/\/www.koroinen.fi\/artikkelit\/wp-json\/wp\/v2\/users\/1"}],"replies":[{"embeddable":true,"href":"https:\/\/www.koroinen.fi\/artikkelit\/wp-json\/wp\/v2\/comments?post=600"}],"version-history":[{"count":9,"href":"https:\/\/www.koroinen.fi\/artikkelit\/wp-json\/wp\/v2\/posts\/600\/revisions"}],"predecessor-version":[{"id":627,"href":"https:\/\/www.koroinen.fi\/artikkelit\/wp-json\/wp\/v2\/posts\/600\/revisions\/627"}],"wp:attachment":[{"href":"https:\/\/www.koroinen.fi\/artikkelit\/wp-json\/wp\/v2\/media?parent=600"}],"wp:term":[{"taxonomy":"category","embeddable":true,"href":"https:\/\/www.koroinen.fi\/artikkelit\/wp-json\/wp\/v2\/categories?post=600"},{"taxonomy":"post_tag","embeddable":true,"href":"https:\/\/www.koroinen.fi\/artikkelit\/wp-json\/wp\/v2\/tags?post=600"}],"curies":[{"name":"wp","href":"https:\/\/api.w.org\/{rel}","templated":true}]}}