{"id":580,"date":"2016-12-22T16:12:43","date_gmt":"2016-12-22T14:12:43","guid":{"rendered":"http:\/\/www.koroinen.fi\/artikkelit\/?p=580"},"modified":"2017-04-01T19:41:38","modified_gmt":"2017-04-01T16:41:38","slug":"vuoden-2016-halisakka-psykoterapeutti-henna-laine","status":"publish","type":"post","link":"https:\/\/www.koroinen.fi\/artikkelit\/vuoden-2016-halisakka-psykoterapeutti-henna-laine\/","title":{"rendered":"Vuoden 2016 Halisakka psykoterapeutti Henna Laine"},"content":{"rendered":"<figure id=\"attachment_581\" aria-describedby=\"caption-attachment-581\" style=\"width: 314px\" class=\"wp-caption aligncenter\"><a href=\"http:\/\/www.koroinen.fi\/artikkelit\/wp-content\/uploads\/2016\/12\/DSC2511-\u2013-kopio.jpg\"><img loading=\"lazy\" decoding=\"async\" class=\"wp-image-581\" src=\"http:\/\/www.koroinen.fi\/artikkelit\/wp-content\/uploads\/2016\/12\/DSC2511-\u2013-kopio.jpg\" alt=\"Vuoden 2016 Halisalla Henna Laine\" width=\"324\" height=\"352\" srcset=\"https:\/\/www.koroinen.fi\/artikkelit\/wp-content\/uploads\/2016\/12\/DSC2511-\u2013-kopio.jpg 768w, https:\/\/www.koroinen.fi\/artikkelit\/wp-content\/uploads\/2016\/12\/DSC2511-\u2013-kopio-276x300.jpg 276w\" sizes=\"auto, (max-width: 324px) 100vw, 324px\" \/><\/a><figcaption id=\"caption-attachment-581\" class=\"wp-caption-text\">Vuoden 2016 Halisakka Henna Laine<\/figcaption><\/figure>\n<p>Psykoterapeutti Henna Laine Halisten kyl\u00e4n vuosisatoja vanhasta T\u00e4til\u00e4n kyl\u00e4st\u00e4 julistettiin Halisillassa 19.5.2016 Halisten koulun pihalla kuluvan vuoden Halisakaksi. KoroiSet-lehti k\u00e4vi kyselem\u00e4ss\u00e4 h\u00e4nen ajatuksiaan kotipaikastaan.<!--more--><\/p>\n<h3>Miten esittelet itsesi?<\/h3>\n<p>Valintani Halisakaksi oli pienoinen yll\u00e4tys koska olen paluumuuttaja. Paremmin minut ehk\u00e4 tunnistetaan &#8221;toriakaksi&#8221; koska myyn kes\u00e4isin hernett\u00e4 torilla. Olen varttunut T\u00e4til\u00e4n talossa ja muutin aikuisi\u00e4ss\u00e4 omille teilleni v.1970. Pidin kuitenkin tiiviisti yhteytt\u00e4 T\u00e4til\u00e4ss\u00e4 asuneeseen muuhun perheeseeni.<\/p>\n<h3>Mik\u00e4 on suhteesi Halisten kyl\u00e4\u00e4n ja Halisiin yleens\u00e4?<\/h3>\n<p>Ajat ovat muuttuneet ja muistelen lapsuuttani T\u00e4til\u00e4ss\u00e4. Silloin meill\u00e4 oli possuja, lehmi\u00e4, kanoja ja lampaita. Is\u00e4puoleni oli maanviljelij\u00e4. Lapset osallistuivat talon t\u00f6ihin ja muistan miten kes\u00e4ll\u00e4 harvensin porkkana- ja punajuuripeltoja.<\/p>\n<p>Maisemat ovat muuttuneet ja muistelen miten kuljimme mets\u00e4tiet\u00e4 pitkin l\u00e4helle Ohikulkutiet\u00e4, miss\u00e4 pellot olivat. Nyky\u00e4\u00e4n sinne on rakennettu rivitaloja. Halisten kyl\u00e4n keskeinen milj\u00f6\u00f6 on kuitenkin s\u00e4ilynyt l\u00e4hes ennallaan.<\/p>\n<p>Muutettuni omille teilleni k\u00e4vin paljon T\u00e4til\u00e4ss\u00e4. \u00c4itini ja sisarukseni olivat minulle rakkaita. Kun \u00e4itini j\u00e4i T\u00e4til\u00e4\u00e4n yksin asumaan vietin h\u00e4nen kanssaan paljon aikaa. Halisten kyl\u00e4milj\u00f6\u00f6 on minulle hyvin rakas, l\u00e4hell\u00e4 keskustaa mutta kuitenkin el\u00e4mme maalaismaisemassa.<\/p>\n<p>\u00c4itini kuoli 2012 ja vuoteen talossa ei asunut kukaan. Pidimme kuitenkin sukulaisten kanssa &#8221;talkoilla&#8221; talosta huolta. Muutin taloon kes\u00e4ll\u00e4 2013 ja olen onnellinen p\u00e4\u00e4t\u00f6ksest\u00e4ni. Minulla on 2,5-vuotias lapsenlapsi joka on my\u00f6s ihastunut mummin kotiin. Pihapiiriss\u00e4 on tilaa, l\u00f6ytyy hevosia, kissoja ja kev\u00e4isin pihalampeen muuttaa sorsapariskunta, paljon mielenkiintoisia asioita.<\/p>\n<p>T\u00e4til\u00e4n talo on sukumme kokoontumispaikka, ja j\u00e4rjest\u00e4mme muutaman kerran vuodessa yhteisi\u00e4 tapahtumia, yleens\u00e4 pihatalkoita tai puurojuhlaa. Talon hoitamisessa on omat puuhansa, kuten talvella l\u00e4mmityksest\u00e4 huolehtiminen. Kes\u00e4asuminen ei ole niin haastavaa ja nautin kun tulen kes\u00e4ll\u00e4 t\u00f6ist\u00e4 ja istahdan puutarhaan ja katselen ymp\u00e4rilleni.<\/p>\n<figure id=\"attachment_584\" aria-describedby=\"caption-attachment-584\" style=\"width: 1014px\" class=\"wp-caption aligncenter\"><a href=\"http:\/\/www.koroinen.fi\/artikkelit\/wp-content\/uploads\/2016\/12\/HalistenKylaVirnamaki-004-\u2013-kopio.jpg\"><img loading=\"lazy\" decoding=\"async\" class=\"size-full wp-image-584\" src=\"http:\/\/www.koroinen.fi\/artikkelit\/wp-content\/uploads\/2016\/12\/HalistenKylaVirnamaki-004-\u2013-kopio.jpg\" alt=\"T\u00e4til\u00e4n talo Halisten kyl\u00e4ss\u00e4 vuonna 2011\" width=\"1024\" height=\"602\" srcset=\"https:\/\/www.koroinen.fi\/artikkelit\/wp-content\/uploads\/2016\/12\/HalistenKylaVirnamaki-004-\u2013-kopio.jpg 1024w, https:\/\/www.koroinen.fi\/artikkelit\/wp-content\/uploads\/2016\/12\/HalistenKylaVirnamaki-004-\u2013-kopio-300x176.jpg 300w, https:\/\/www.koroinen.fi\/artikkelit\/wp-content\/uploads\/2016\/12\/HalistenKylaVirnamaki-004-\u2013-kopio-768x452.jpg 768w\" sizes=\"auto, (max-width: 1024px) 100vw, 1024px\" \/><\/a><figcaption id=\"caption-attachment-584\" class=\"wp-caption-text\">T\u00e4til\u00e4n talo Halisten kyl\u00e4ss\u00e4 vuonna 2011<\/figcaption><\/figure>\n<h3>Miten koet Halisten kaupunginosana?<\/h3>\n<p>Halisten kaupunginosan maisema on muuttunut paljon, uutta on rakennettu, kerros- ja rivitaloja. Kantav\u00e4est\u00f6\u00e4 on en\u00e4\u00e4 v\u00e4h\u00e4n ja maahanmuuttajat ovat suuri osa maisemaa. Halinen tunnettiin ennen levottomana asuinymp\u00e4rist\u00f6n\u00e4 mutta tilanne lienee nyky\u00e4\u00e4n asettunut.<\/p>\n<p>Monet maahanmuuttajista ovat positiivisi ja el\u00e4m\u00e4nmy\u00f6nteisi\u00e4 ja heit\u00e4 pit\u00e4isi ottaa enemm\u00e4n mukaan kyl\u00e4yhteis\u00f6n kehitt\u00e4miseen.<\/p>\n<h3>Olet mukana Kotiseutuyhdistys Halinen-R\u00e4nt\u00e4m\u00e4ki ryn toiminnassa. Mit\u00e4 odotat yhdistykselt\u00e4, ja miten yhdistyksen tunnettavuutta voitaisiin lis\u00e4t\u00e4?<\/h3>\n<p>Yhdistyst\u00e4 tarvitaan erilaisten tapahtumien j\u00e4rjest\u00e4miseen ja toiminnan kehitt\u00e4miseen. T\u00e4rkeit\u00e4 tapahtumia ovat olleet Halisviikot, Filharmonisen orkesterin esiintyminen Virnam\u00e4ell\u00e4, el\u00e4inten joulurauhan julistaminen samalla m\u00e4ell\u00e4 jo usean vuoden ajan, useat symposiumit Turun kristillisell\u00e4 opistolla, Koroisten ristin hartaudet Koroisten niemell\u00e4, ja Ihmisen j\u00e4lki-n\u00e4ytelm\u00e4 Maarian pappilassa.<\/p>\n<h3>Mit\u00e4 ajattelet KoroiSet-lehdest\u00e4 ja sen merkityksest\u00e4?<\/h3>\n<p>Luen aina mielell\u00e4ni KoroiSet -lehte\u00e4. Lehti antaa todenper\u00e4ist\u00e4 tietoa rakkaasta milj\u00f6\u00f6st\u00e4mme ja sen ihmisist\u00e4. Aulis Katajam\u00e4en muistelukirjoitukset ovat hauskoja. Niit\u00e4 voisi olla enemm\u00e4nkin, mutta kantav\u00e4est\u00f6 on v\u00e4hiss\u00e4 jotta muistelijoita l\u00f6ytyisi.<\/p>\n<p>Yhteis\u00f6mme rakentamiseen ja viihtyisyyden yll\u00e4pit\u00e4miseen tarvitaan paljon erilaisia ihmisi\u00e4. Pidet\u00e4\u00e4n hyv\u00e4\u00e4 huolta ihansta Halisten kyl\u00e4st\u00e4.<\/p>\n<p>Timo Leinonen<\/p>\n","protected":false},"excerpt":{"rendered":"<p>Psykoterapeutti Henna Laine Halisten kyl\u00e4n vuosisatoja vanhasta T\u00e4til\u00e4n kyl\u00e4st\u00e4 julistettiin Halisillassa 19.5.2016 Halisten koulun pihalla kuluvan vuoden Halisakaksi. KoroiSet-lehti k\u00e4vi kyselem\u00e4ss\u00e4 h\u00e4nen ajatuksiaan kotipaikastaan.<\/p>\n","protected":false},"author":1,"featured_media":0,"comment_status":"closed","ping_status":"closed","sticky":false,"template":"","format":"standard","meta":{"footnotes":""},"categories":[7,37],"tags":[8,33,15,20],"class_list":["post-580","post","type-post","status-publish","format-standard","hentry","category-asuminen","category-kotiseutuyhdistys-halinen-rantamaki-ry","tag-halinen","tag-halisilta","tag-halisten-kyla","tag-henkilohistoria"],"_links":{"self":[{"href":"https:\/\/www.koroinen.fi\/artikkelit\/wp-json\/wp\/v2\/posts\/580","targetHints":{"allow":["GET"]}}],"collection":[{"href":"https:\/\/www.koroinen.fi\/artikkelit\/wp-json\/wp\/v2\/posts"}],"about":[{"href":"https:\/\/www.koroinen.fi\/artikkelit\/wp-json\/wp\/v2\/types\/post"}],"author":[{"embeddable":true,"href":"https:\/\/www.koroinen.fi\/artikkelit\/wp-json\/wp\/v2\/users\/1"}],"replies":[{"embeddable":true,"href":"https:\/\/www.koroinen.fi\/artikkelit\/wp-json\/wp\/v2\/comments?post=580"}],"version-history":[{"count":6,"href":"https:\/\/www.koroinen.fi\/artikkelit\/wp-json\/wp\/v2\/posts\/580\/revisions"}],"predecessor-version":[{"id":663,"href":"https:\/\/www.koroinen.fi\/artikkelit\/wp-json\/wp\/v2\/posts\/580\/revisions\/663"}],"wp:attachment":[{"href":"https:\/\/www.koroinen.fi\/artikkelit\/wp-json\/wp\/v2\/media?parent=580"}],"wp:term":[{"taxonomy":"category","embeddable":true,"href":"https:\/\/www.koroinen.fi\/artikkelit\/wp-json\/wp\/v2\/categories?post=580"},{"taxonomy":"post_tag","embeddable":true,"href":"https:\/\/www.koroinen.fi\/artikkelit\/wp-json\/wp\/v2\/tags?post=580"}],"curies":[{"name":"wp","href":"https:\/\/api.w.org\/{rel}","templated":true}]}}