{"id":564,"date":"2016-12-22T15:06:52","date_gmt":"2016-12-22T13:06:52","guid":{"rendered":"http:\/\/www.koroinen.fi\/artikkelit\/?p=564"},"modified":"2017-04-01T19:43:58","modified_gmt":"2017-04-01T16:43:58","slug":"vuoden-2016-halisukko-lehtori-tommi-ranti","status":"publish","type":"post","link":"https:\/\/www.koroinen.fi\/artikkelit\/vuoden-2016-halisukko-lehtori-tommi-ranti\/","title":{"rendered":"Vuoden 2016 Halisukko, lehtori Tommi Ranti"},"content":{"rendered":"<figure id=\"attachment_562\" aria-describedby=\"caption-attachment-562\" style=\"width: 364px\" class=\"wp-caption aligncenter\"><a href=\"http:\/\/www.koroinen.fi\/artikkelit\/wp-content\/uploads\/2016\/12\/DSC2515-\u2013-kopio.jpg\"><img loading=\"lazy\" decoding=\"async\" class=\" wp-image-562\" src=\"http:\/\/www.koroinen.fi\/artikkelit\/wp-content\/uploads\/2016\/12\/DSC2515-\u2013-kopio.jpg\" alt=\"Halisukko Tommi Ranti\" width=\"374\" height=\"312\" srcset=\"https:\/\/www.koroinen.fi\/artikkelit\/wp-content\/uploads\/2016\/12\/DSC2515-\u2013-kopio.jpg 921w, https:\/\/www.koroinen.fi\/artikkelit\/wp-content\/uploads\/2016\/12\/DSC2515-\u2013-kopio-300x250.jpg 300w, https:\/\/www.koroinen.fi\/artikkelit\/wp-content\/uploads\/2016\/12\/DSC2515-\u2013-kopio-768x640.jpg 768w\" sizes=\"auto, (max-width: 374px) 100vw, 374px\" \/><\/a><figcaption id=\"caption-attachment-562\" class=\"wp-caption-text\">Halisukko Tommi Ranti Halisten kosken partaalla<\/figcaption><\/figure>\n<p>Lehtori Tommi Ranti julistettiin 19.5.2016 Halisten koulun pihalla Halisillassa kuluvan vuoden Halisukoksi. KoroiSet \u2013 lehti k\u00e4vi kyselem\u00e4ss\u00e4 h\u00e4nen ajatuksiaan kotipaikastaan ja el\u00e4m\u00e4st\u00e4 muuten.<!--more--><\/p>\n<h3>Esitteletk\u00f6 lyhyesti itsesi?<\/h3>\n<p>Olen asunut Halisissa koko el\u00e4m\u00e4ni. V\u00e4lill\u00e4 olen k\u00e4ynyt opiskelemassa muualla Suomessa ja ulkomailla, mutta palannut aina takaisin Halisiin. Teen teknisen ty\u00f6n ja kuvataiteen lehtorin t\u00f6it\u00e4 peruskoulussa.<\/p>\n<p>Taide ja k\u00e4sill\u00e4 tekeminen on aina ollut l\u00e4hell\u00e4 syd\u00e4nt\u00e4ni. Olen mm. tutkinut ja tulkinnut Halisten perinteist\u00e4 maaseutumaisemaa taiteen kautta. Viime kes\u00e4n\u00e4 j\u00e4rjestin Vehn\u00e4lapset \u2013taidetapahtuman, johon saimme my\u00f6s kulttuurilautakunnalta pienen tuen. Suuri viisit\u00e4hk\u00e4inen maaseututeos on edelleen n\u00e4ht\u00e4viss\u00e4 Valkkimyllynkujalla.<\/p>\n<h3>Mik\u00e4 on suhteesi Halisiin ja Halisten kyl\u00e4\u00e4n?<\/h3>\n<p>Halisen syd\u00e4nalue joen varrella on ollut l\u00e4heinen ihan pienest\u00e4 asti. Se on tuttua jopa yksitt\u00e4isten puiden tasolla, on tehty majoja ja ritsojen lapsuuden aikana. Nykyisen Gregorius IX:n tien vieress\u00e4, siell\u00e4 miss\u00e4 nykyisin ovat Turun ylioppilaskyl\u00e4s\u00e4\u00e4ti\u00f6n talot, olin pikkupoikana kes\u00e4aikaan poimimassa kokop\u00e4iv\u00e4isesti herneit\u00e4. Aamulle menimme ja iltap\u00e4iv\u00e4ll\u00e4 palattiin. Viljelij\u00e4n\u00e4 oli Halisten kyl\u00e4n Komoisten tilaa is\u00e4nn\u00f6ineet Yrj\u00f6l\u00e4t.<\/p>\n<p>Muutokset kuuluvat t\u00e4m\u00e4n ajan henkeen. Toisaalta se tuntuisi surulliselta, jos n\u00e4m\u00e4 viimeiset pellot, joita viel\u00e4 on olemassa, teht\u00e4isiin parkkipaikkoja tai puistoja. Minusta t\u00e4t\u00e4 aluetta pit\u00e4isi sen verran kunnioittaa, ett\u00e4 n\u00e4ihin peltoihin ei infrastruktuuri koskisi.<\/p>\n<p>T\u00e4m\u00e4 viljava Halisten seutu on niin l\u00e4hell\u00e4 kaupungin keskustaa. Monikaan ei tied\u00e4, ett\u00e4 vain noin 10 minuutin k\u00e4velymatkan p\u00e4\u00e4ss\u00e4 kauppatorilta tehd\u00e4\u00e4n sen leiv\u00e4n raaka-ainetta, jota kaupunkilaiset sy\u00f6v\u00e4t. Maanviljelys on aika aktiivista. Suosittelen \u00e4lyk\u00e4st\u00e4 vanhan kunnioittamista.<\/p>\n<p>Halisten vanha kyl\u00e4 on pysynyt melko samana vuosin varrella, vaikka rakentaminen onkin muuttanut Halisten alueita. Uusi osa Halisista on kohtuullisen \u00e4lykk\u00e4\u00e4sti suunniteltu. On kunnioitettu alueen perusluonnetta. On my\u00f6s rivitaloja ja omakotitaloja. Tykk\u00e4\u00e4n alueen kokonaisuudesta. En n\u00e4e sit\u00e4 pahana ollenkaan. Alueelle muuttaneet ovat rikastuttaneet paikkakuntaa.<\/p>\n<h3>Olet mukana Kotiseutuyhdistys Halinen-R\u00e4nt\u00e4m\u00e4ki ryn toiminnassa. Mit\u00e4 odotat t\u00e4lt\u00e4 yhdistykselt\u00e4 ja, miten yhdistyksen tunnettavuutta voitaisiin lis\u00e4t\u00e4?<\/h3>\n<p>Tuohon minulla ei yht\u00e4 vastausta. Perusperiaatteena tulisi olla, ett\u00e4 yhdistys edist\u00e4\u00e4 alueen asioita. Yhdistyksen tavoitteena on yleens\u00e4kin varmaan se, ett\u00e4 se luo yhteis\u00f6llisyytt\u00e4 ja jakaa alueella asuville enemm\u00e4n tietoa kotipaikastaan. Tiedon kautta sitten on itse kunkin parempi mahdollisuus vaikuttaa omiin asioihin v\u00e4hitellen, vaikka osallistumalla yhdistyksen toimintaan tulemalla j\u00e4seneksi.<\/p>\n<p>Olen itse ollut yhdistyksen toiminnantarkastajana 7 \u2013 8 vuotta. Toimintani yhdistyksen kautta on ollut aika pienimuotoista, luonteeltaan aatteellista ja yleishy\u00f6dyllist\u00e4. Yhdistyksen kautta voisi olla mahdollista j\u00e4rjest\u00e4\u00e4 erilaisia tapahtumia, kuten esimerkiksi olkisen Halisukon polton ja toteuttaa muitakin paikallisia hankkeita.<\/p>\n<p>Yksi ihminen pysty ei n\u00e4it\u00e4 pysty toteuttamaan, siihen tarvitaan yhdistys. Jos vain on mahdollista, ett\u00e4 yhdistyksen toiminta pystyy edist\u00e4m\u00e4\u00e4n suurempiakin hankkeita, kuten n\u00e4ytelmi\u00e4 ja muita esityksi\u00e4, niin se on pelkk\u00e4\u00e4 plussaa. Sin\u00e4ns\u00e4 on hienoa, ett\u00e4 yleens\u00e4 on yhdistys.<\/p>\n<p>Olen ollut tuomarina Halisten alakoulun taidekilpailuissa kahtena tai kolmena viimeisen\u00e4 vuonna. Tulokset ovat julkaistu sitten yhdistyksen j\u00e4rjest\u00e4m\u00e4ss\u00e4 Halisillassa. Siell\u00e4 on ollutkin paljon nuorta innokasta v\u00e4ke\u00e4.<\/p>\n<p>Olen huomannut, ett\u00e4 Halisten koulun edusta voi ollakin nykyaikana alueen keskuspaikka. Se on sellainen foorumi, jossa on lasten leikkikent\u00e4t ja koulu ja jokaiselle henkil\u00f6lle helppo tulla. Jalkapalloa oli hauska seurata. Positiiviset paikalliset kokemukset lis\u00e4\u00e4v\u00e4t asukkaiden kiintymyst\u00e4 kotiseutuunsa.<\/p>\n<figure id=\"attachment_574\" aria-describedby=\"caption-attachment-574\" style=\"width: 558px\" class=\"wp-caption aligncenter\"><a href=\"http:\/\/www.koroinen.fi\/artikkelit\/wp-content\/uploads\/2016\/12\/DSC1903-\u2013-kopio.jpg\"><img loading=\"lazy\" decoding=\"async\" class=\" wp-image-574\" src=\"http:\/\/www.koroinen.fi\/artikkelit\/wp-content\/uploads\/2016\/12\/DSC1903-\u2013-kopio.jpg\" alt=\"Koululaisten taidekilpailun tulokset julkistetaan Halisillassa 2016\" width=\"568\" height=\"321\" srcset=\"https:\/\/www.koroinen.fi\/artikkelit\/wp-content\/uploads\/2016\/12\/DSC1903-\u2013-kopio.jpg 1024w, https:\/\/www.koroinen.fi\/artikkelit\/wp-content\/uploads\/2016\/12\/DSC1903-\u2013-kopio-300x169.jpg 300w, https:\/\/www.koroinen.fi\/artikkelit\/wp-content\/uploads\/2016\/12\/DSC1903-\u2013-kopio-768x434.jpg 768w\" sizes=\"auto, (max-width: 568px) 100vw, 568px\" \/><\/a><figcaption id=\"caption-attachment-574\" class=\"wp-caption-text\">Koululaisten taidekilpailun tulokset julkistetaan Halisillassa 2016<\/figcaption><\/figure>\n<h3>\u00a0Mit\u00e4 ajattelet KoroiSet \u2013 lehdest\u00e4 ja www.koroinen.fi j\u00e4rjestelm\u00e4st\u00e4?<\/h3>\n<p>Lehti on loistava, se on eritt\u00e4in hieno aikaansaannos jo siin\u00e4, ett\u00e4 sellainen on olemassa. Siin\u00e4 on paikallisia asioita ja tapahtumia. Jos ajattelee alueen ihmisten kiinnostuksen her\u00e4tt\u00e4mist\u00e4 kotiseutuaan kohtaan, ei ole paljon muuta kuin keinoa ole kuin yhdistys ja lehti.<\/p>\n<p>Verkossa julkaistavat blogit ja sosiaaliset mediat ovat luonteeltaan toisenlaisia. Ne ovat aineettomia asioita, jotka t\u00e4ytyy l\u00f6yt\u00e4\u00e4 erikseen. Lehti on konkreettinen. Sit\u00e4 pystyy koskettamaan. Lehti on henkil\u00f6kohtaisempi, joka on helpompi tuntea omaksi.<\/p>\n<p>Nyky\u00e4\u00e4n t\u00e4ytyy kuitenkin olla my\u00f6s s\u00e4hk\u00f6inen versio lehdest\u00e4. Meid\u00e4nkin pit\u00e4\u00e4 olla my\u00f6s virtuaalisessa maailmassa. S\u00e4hk\u00f6inen media on kustannuksiltaan edullinen. On hyv\u00e4 pit\u00e4\u00e4 KoroiSet \u2013 lehtien pdf -versioita esille sen avulla ja miksei my\u00f6s symposiumien j\u00e4rjest\u00e4misen kautta syntynytt\u00e4 aineistoa.<\/p>\n<p>Alueen esittelyaineiston teko on loputon suo aineiston laajuuden takia. Kannatan etenemist\u00e4 pikkuhiljaa. Kun uusia asioita tai n\u00e4k\u00f6kulmia tulee esille tavalla tai toisella, ne on hyv\u00e4 listata ja katsoa, onko syyt\u00e4 edet\u00e4 niiden suhteen. Kannatan tosiasioihin perustuvaa syv\u00e4tietoa, en niink\u00e4\u00e4n nopealukuista kulutustietoa. Toivotan hyv\u00e4\u00e4 joulun odotusta kaikille halis- ja r\u00e4nt\u00e4m\u00e4kil\u00e4isille!<\/p>\n<p>Timo Leinonen<\/p>\n","protected":false},"excerpt":{"rendered":"<p>Lehtori Tommi Ranti julistettiin 19.5.2016 Halisten koulun pihalla Halisillassa kuluvan vuoden Halisukoksi. KoroiSet \u2013 lehti k\u00e4vi kyselem\u00e4ss\u00e4 h\u00e4nen ajatuksiaan kotipaikastaan ja el\u00e4m\u00e4st\u00e4 muuten.<\/p>\n","protected":false},"author":1,"featured_media":0,"comment_status":"closed","ping_status":"closed","sticky":false,"template":"","format":"standard","meta":{"footnotes":""},"categories":[7],"tags":[8,33,15,34,36,35],"class_list":["post-564","post","type-post","status-publish","format-standard","hentry","category-asuminen","tag-halinen","tag-halisilta","tag-halisten-kyla","tag-koroiset","tag-kotiseutuyhdistys-halinen-rantamaki-ry","tag-tommi-ranti"],"_links":{"self":[{"href":"https:\/\/www.koroinen.fi\/artikkelit\/wp-json\/wp\/v2\/posts\/564","targetHints":{"allow":["GET"]}}],"collection":[{"href":"https:\/\/www.koroinen.fi\/artikkelit\/wp-json\/wp\/v2\/posts"}],"about":[{"href":"https:\/\/www.koroinen.fi\/artikkelit\/wp-json\/wp\/v2\/types\/post"}],"author":[{"embeddable":true,"href":"https:\/\/www.koroinen.fi\/artikkelit\/wp-json\/wp\/v2\/users\/1"}],"replies":[{"embeddable":true,"href":"https:\/\/www.koroinen.fi\/artikkelit\/wp-json\/wp\/v2\/comments?post=564"}],"version-history":[{"count":16,"href":"https:\/\/www.koroinen.fi\/artikkelit\/wp-json\/wp\/v2\/posts\/564\/revisions"}],"predecessor-version":[{"id":665,"href":"https:\/\/www.koroinen.fi\/artikkelit\/wp-json\/wp\/v2\/posts\/564\/revisions\/665"}],"wp:attachment":[{"href":"https:\/\/www.koroinen.fi\/artikkelit\/wp-json\/wp\/v2\/media?parent=564"}],"wp:term":[{"taxonomy":"category","embeddable":true,"href":"https:\/\/www.koroinen.fi\/artikkelit\/wp-json\/wp\/v2\/categories?post=564"},{"taxonomy":"post_tag","embeddable":true,"href":"https:\/\/www.koroinen.fi\/artikkelit\/wp-json\/wp\/v2\/tags?post=564"}],"curies":[{"name":"wp","href":"https:\/\/api.w.org\/{rel}","templated":true}]}}