{"id":3542,"date":"2025-09-18T08:50:45","date_gmt":"2025-09-18T05:50:45","guid":{"rendered":"https:\/\/www.koroinen.fi\/artikkelit\/?p=3542"},"modified":"2025-09-18T09:08:04","modified_gmt":"2025-09-18T06:08:04","slug":"muutosesityksia-alueen-asemakaavoihin","status":"publish","type":"post","link":"https:\/\/www.koroinen.fi\/artikkelit\/muutosesityksia-alueen-asemakaavoihin\/","title":{"rendered":"MUUTOSESITYKSI\u00c4 ALUEEN ASEMAKAAVOIHIN!"},"content":{"rendered":"\n<h3 class=\"wp-block-heading has-luminous-vivid-amber-background-color has-background\">Seuraavat osallistumis- ja arviointisuunnitelmat ovat valmistuneet kohteista: KOROINEN 26\/2022 ja MAARIAN KIRKKOSILTA 1\/2021, mielipiteet viimeist\u00e4\u00e4n 10.10.2025<\/h3>\n\n\n<div class=\"wp-block-image is-style-default\">\n<figure class=\"aligncenter size-full\"><a href=\"http:\/\/www.koroinen.fi\/artikkelit\/wp-content\/uploads\/2025\/09\/KoroinenArviointisuunnitelma.png\"><img loading=\"lazy\" decoding=\"async\" width=\"600\" height=\"800\" src=\"http:\/\/www.koroinen.fi\/artikkelit\/wp-content\/uploads\/2025\/09\/KoroinenArviointisuunnitelma.png\" alt=\"\" class=\"wp-image-3547\" srcset=\"https:\/\/www.koroinen.fi\/artikkelit\/wp-content\/uploads\/2025\/09\/KoroinenArviointisuunnitelma.png 600w, https:\/\/www.koroinen.fi\/artikkelit\/wp-content\/uploads\/2025\/09\/KoroinenArviointisuunnitelma-225x300.png 225w\" sizes=\"auto, (max-width: 600px) 100vw, 600px\" \/><\/a><\/figure>\n<\/div>\n\n\n<!--more-->\n\n\n<div class=\"wp-block-image\">\n<figure class=\"aligncenter size-full\"><a href=\"http:\/\/www.koroinen.fi\/artikkelit\/wp-content\/uploads\/2025\/09\/KirkkosiltaKaavaSuunnitelmaPieni.png\"><img loading=\"lazy\" decoding=\"async\" width=\"620\" height=\"800\" src=\"http:\/\/www.koroinen.fi\/artikkelit\/wp-content\/uploads\/2025\/09\/KirkkosiltaKaavaSuunnitelmaPieni.png\" alt=\"\" class=\"wp-image-3544\" srcset=\"https:\/\/www.koroinen.fi\/artikkelit\/wp-content\/uploads\/2025\/09\/KirkkosiltaKaavaSuunnitelmaPieni.png 620w, https:\/\/www.koroinen.fi\/artikkelit\/wp-content\/uploads\/2025\/09\/KirkkosiltaKaavaSuunnitelmaPieni-233x300.png 233w\" sizes=\"auto, (max-width: 620px) 100vw, 620px\" \/><\/a><\/figure>\n<\/div>\n\n\n<h3 class=\"wp-block-heading\">Suunnitelmista selvi\u00e4\u00e4 my\u00f6s:<\/h3>\n\n\n\n<ul class=\"wp-block-list\">\n<li>miten kaavoitusprosessi etenee, <\/li>\n\n\n\n<li>mitk\u00e4 eri vaiheet siin\u00e4 on, <\/li>\n\n\n\n<li>ketk\u00e4 siin\u00e4 ovat osallisina, <\/li>\n\n\n\n<li>ketk\u00e4 ja mill\u00e4 alustalla siit\u00e4 voi lausua mielipiteens\u00e4, <\/li>\n\n\n\n<li>minne se on j\u00e4tett\u00e4v\u00e4 ja <\/li>\n\n\n\n<li>milloin viimeist\u00e4\u00e4n (<strong>10.10.2025<\/strong><\/li>\n<\/ul>\n\n\n\n<h3 class=\"wp-block-heading\"> Osallistumis- ja arviointisuunnitelmat<\/h3>\n\n\n\n<ul class=\"wp-block-list\">\n<li>Maarian kirkkosilta, 1\/2021, ks. <a rel=\"noreferrer noopener\" href=\"https:\/\/paatokset.turku.fi\/doc\/2421079\/Osallistumis-%20ja%20arviointisuunnitelma%20Maarian%20kirkkosilta.pdf\" target=\"_blank\">t\u00e4st\u00e4<\/a><\/li>\n\n\n\n<li>Koroinen 22\/2022, ks. <a href=\"https:\/\/kaupunkisuunnittelu.turku.fi\/kaavoitus\/12248-2022Osallistumis-jaarviointisuunnitelmaID16434-Aloitus.pdf\" data-type=\"URL\" data-id=\"https:\/\/kaupunkisuunnittelu.turku.fi\/kaavoitus\/12248-2022Osallistumis-jaarviointisuunnitelmaID16434-Aloitus.pdf\" target=\"_blank\" rel=\"noreferrer noopener\">t\u00e4st\u00e4 <\/a><\/li>\n<\/ul>\n\n\n\n<p>Suunnitelmiin voi vapaasti tutustua. Alla on lis\u00e4ksi aiheisiin liittyvi\u00e4 aikaisempia kirjoituksia Koroinen.fi:ss\u00e4<\/p>\n\n\n\n<ul class=\"wp-block-list\">\n<li>Eskolin, Christiane. Asemakaavan valmistelu alkaa Orikedolla. KoroiSet 1\/2012, s. 3.&nbsp; Lehti l\u00f6ytyy osoitteesta:&nbsp;<a rel=\"noreferrer noopener\" href=\"http:\/\/www.koroinen.fi\/artikkelit\/wp-content\/uploads\/2020\/06\/KoroiSet_2012_01.pdf\" target=\"_blank\">http:\/\/www.koroinen.fi\/artikkelit\/wp-content\/uploads\/2020\/06\/KoroiSet_2012_01.pdf<\/a><\/li>\n\n\n\n<li>Nurmi, Hanna. Koroisten aluetta kaavoitetaa. KoroiSet 1-2\/2013, s. 4 -7. Laaja artikkeli kaavoituksesta perusteluineen l\u00f6ytyy KoroiSet -lehdest\u00e4 osoitteesta:&nbsp;<a rel=\"noreferrer noopener\" href=\"http:\/\/www.koroinen.fi\/artikkelit\/wp-content\/uploads\/2020\/06\/KoroiSet_2013_01-02.pdf\" target=\"_blank\">http:\/\/www.koroinen.fi\/artikkelit\/wp-content\/uploads\/2020\/06\/KoroiSet_2013_01-02.pdf<\/a><\/li>\n\n\n\n<li>Salo, Mirja-Riitta.  Koroistenkaaren asemakaavamuutos. Arvon\u00e4k\u00f6kohdat riste\u00e4v\u00e4t.                               KoroiSet 3\/2014, s. 12 -13.&nbsp; Pohdintoja asemakaavamuutokseen liittyvist\u00e4 ongelmakohdista. Artikkeli l\u00f6ytyy lehdest\u00e4 osoitteesta:&nbsp;<a rel=\"noreferrer noopener\" href=\"http:\/\/www.koroinen.fi\/lehdet\/KoroiSet_2014_03.pdf\" target=\"_blank\">http:\/\/www.koroinen.fi\/lehdet\/KoroiSet_2014_03.pdf<\/a>&nbsp;<\/li>\n\n\n\n<li>Koroisten alueen tulevaisuus 17.2.2023, ks.<a rel=\"noreferrer noopener\" href=\"https:\/\/www.koroinen.fi\/artikkelit\/wp-admin\/post.php?post=2368&amp;action=edit\" data-type=\"URL\" data-id=\"https:\/\/www.koroinen.fi\/artikkelit\/wp-admin\/post.php?post=2368&amp;action=edit\" target=\"_blank\"> t\u00e4st\u00e4<\/a> <\/li>\n<\/ul>\n","protected":false},"excerpt":{"rendered":"<p>Seuraavat osallistumis- ja arviointisuunnitelmat ovat valmistuneet kohteista: KOROINEN 26\/2022 ja MAARIAN KIRKKOSILTA 1\/2021, mielipiteet viimeist\u00e4\u00e4n 10.10.2025<\/p>\n","protected":false},"author":1,"featured_media":3086,"comment_status":"closed","ping_status":"closed","sticky":false,"template":"","format":"standard","meta":{"footnotes":""},"categories":[7,76,108],"tags":[27],"class_list":["post-3542","post","type-post","status-publish","format-standard","has-post-thumbnail","hentry","category-asuminen","category-esittely","category-kaavoitus","tag-kotiseututyo"],"_links":{"self":[{"href":"https:\/\/www.koroinen.fi\/artikkelit\/wp-json\/wp\/v2\/posts\/3542","targetHints":{"allow":["GET"]}}],"collection":[{"href":"https:\/\/www.koroinen.fi\/artikkelit\/wp-json\/wp\/v2\/posts"}],"about":[{"href":"https:\/\/www.koroinen.fi\/artikkelit\/wp-json\/wp\/v2\/types\/post"}],"author":[{"embeddable":true,"href":"https:\/\/www.koroinen.fi\/artikkelit\/wp-json\/wp\/v2\/users\/1"}],"replies":[{"embeddable":true,"href":"https:\/\/www.koroinen.fi\/artikkelit\/wp-json\/wp\/v2\/comments?post=3542"}],"version-history":[{"count":11,"href":"https:\/\/www.koroinen.fi\/artikkelit\/wp-json\/wp\/v2\/posts\/3542\/revisions"}],"predecessor-version":[{"id":3558,"href":"https:\/\/www.koroinen.fi\/artikkelit\/wp-json\/wp\/v2\/posts\/3542\/revisions\/3558"}],"wp:featuredmedia":[{"embeddable":true,"href":"https:\/\/www.koroinen.fi\/artikkelit\/wp-json\/wp\/v2\/media\/3086"}],"wp:attachment":[{"href":"https:\/\/www.koroinen.fi\/artikkelit\/wp-json\/wp\/v2\/media?parent=3542"}],"wp:term":[{"taxonomy":"category","embeddable":true,"href":"https:\/\/www.koroinen.fi\/artikkelit\/wp-json\/wp\/v2\/categories?post=3542"},{"taxonomy":"post_tag","embeddable":true,"href":"https:\/\/www.koroinen.fi\/artikkelit\/wp-json\/wp\/v2\/tags?post=3542"}],"curies":[{"name":"wp","href":"https:\/\/api.w.org\/{rel}","templated":true}]}}