{"id":2524,"date":"2023-03-26T21:38:15","date_gmt":"2023-03-26T18:38:15","guid":{"rendered":"https:\/\/www.koroinen.fi\/artikkelit\/?p=2524"},"modified":"2023-03-27T16:18:35","modified_gmt":"2023-03-27T13:18:35","slug":"filosofiayhdistys-sfaari-ry-esittaytyy","status":"publish","type":"post","link":"https:\/\/www.koroinen.fi\/artikkelit\/filosofiayhdistys-sfaari-ry-esittaytyy\/","title":{"rendered":"FILOSOFIAYHDISTYS SF\u00c4\u00c4RI RY ESITT\u00c4YTYY"},"content":{"rendered":"\n<p><em>Halisten Myll\u00e4ritalon kahvila Annelassa<\/em> keskusteltiin viime kes\u00e4n\u00e4 filosofiasta useampana iltap\u00e4iv\u00e4n\u00e4. Teemana oli mm. k\u00e4sitykset totuudesta ja Hegelin logiikka. Tilaisuudet j\u00e4rjesti filosofiayhdistys <em>Sf\u00e4\u00e4ri ry <\/em>ja toteutti k\u00e4yt\u00e4nn\u00f6ss\u00e4 paikallista filosofista keskustelua monin tavoin aktivoinut filosofi ja ymp\u00e4rist\u00f6kasvattaja <em>Tuomas Tiainen<\/em>. H\u00e4n on aikaisemminkin vieraillut Halistenkosken alueella filosofisten tapahtumien merkeiss\u00e4. H\u00e4n on vet\u00e4nyt filosofisia ja luontoa pohtivia k\u00e4velyretki\u00e4 mm. Virnam\u00e4en muinaisalueen retkeilypoluilla sek\u00e4 j\u00e4rjest\u00e4nyt filosofisia keskustelutilaisuuksia kirjastossa ja filosofisia kursseja Ty\u00f6nv\u00e4enopistolla<\/p>\n\n\n\n<p>Filosofia tuntuu istuvan Halistenkosken alueen tuhatvuotisiin maisemiin. Siell\u00e4 syntyy vaikutelma siit\u00e4, ett\u00e4 filosofia auttaa ymm\u00e4rt\u00e4m\u00e4\u00e4n paremmin ajattomuutta ja ajankulua vuosisatojen yli ihmisten sopeutuessa erilaisiin el\u00e4m\u00e4nolosuhteisiin energiaa ja vett\u00e4 tarjoavan Aurajoen kosken \u00e4\u00e4rell\u00e4 viljavien peltojen keskell\u00e4 l\u00e4hell\u00e4 maan pitk\u00e4aikaista p\u00e4\u00e4kaupunkia Turkua.&nbsp;<\/p>\n\n\n\n<p><em>Koroinen.fi<\/em>:lle tarjoutui haastatella <em>Sf\u00e4\u00e4ri ry<\/em>:n hallituksen edustajia yhdistyksen tarkoituksesta, tavoitteista ja toiminnasta. Mukana hallituksesta olivat puheenjohtaja <em>Tuomas Tiainen <\/em>ja j\u00e4senet <em>Heidi Pitk\u00e4nen<\/em>, <em>Aaro Kangasniemi<\/em>, <em>Teemu Peltonen<\/em>. Poissa olivat <em>Paula Kangasniemi <\/em>ja <em>Eero K.V. Suorsa. <\/em>Haastattelijana toimi <em>Koroinen.fi<\/em>:n toimitussihteeri <em>Timo Leinonen<\/em>. Haastattelun sis\u00e4lt\u00f6 on seuraavassa.<\/p>\n\n\n\n<!--more-->\n\n\n\n<p><strong>Mist\u00e4 tulee nimi <em>Sf\u00e4\u00e4ri ry<\/em> ja mit\u00e4 sill\u00e4 halutaan kertoa?<\/strong><\/p>\n\n\n<div class=\"wp-block-image is-style-rounded\">\n<figure class=\"aligncenter size-large is-resized\"><a href=\"http:\/\/www.koroinen.fi\/artikkelit\/wp-content\/uploads\/2023\/03\/IMG_1068.jpeg\"><img loading=\"lazy\" decoding=\"async\" src=\"http:\/\/www.koroinen.fi\/artikkelit\/wp-content\/uploads\/2023\/03\/IMG_1068-776x1024.jpeg\" alt=\"\" class=\"wp-image-2529\" width=\"388\" height=\"512\" srcset=\"https:\/\/www.koroinen.fi\/artikkelit\/wp-content\/uploads\/2023\/03\/IMG_1068-776x1024.jpeg 776w, https:\/\/www.koroinen.fi\/artikkelit\/wp-content\/uploads\/2023\/03\/IMG_1068-227x300.jpeg 227w, https:\/\/www.koroinen.fi\/artikkelit\/wp-content\/uploads\/2023\/03\/IMG_1068-768x1014.jpeg 768w, https:\/\/www.koroinen.fi\/artikkelit\/wp-content\/uploads\/2023\/03\/IMG_1068-1164x1536.jpeg 1164w, https:\/\/www.koroinen.fi\/artikkelit\/wp-content\/uploads\/2023\/03\/IMG_1068-1552x2048.jpeg 1552w, https:\/\/www.koroinen.fi\/artikkelit\/wp-content\/uploads\/2023\/03\/IMG_1068.jpeg 1614w\" sizes=\"auto, (max-width: 388px) 100vw, 388px\" \/><\/a><figcaption>Tuomas Tiainen<\/figcaption><\/figure>\n<\/div>\n\n\n<p><strong>Tuomas Tiainen<\/strong>: Ajatus nimess\u00e4 on ollut omalta kohdaltani se,ett\u00e4 nimi kertoisi meid\u00e4n helposti l\u00e4hestytt\u00e4vi\u00e4, eik\u00e4 tarvita yliopistotasoista koulutusta filosofiaan. Kiinnostus ajatteluun ja pohdiskeluun riitt\u00e4\u00e4. Haluamme tarjota tilaisuuksissamme mukaan tulijoille tilan, joka on arjesta poikkeava, ja jossa he voivat kohdata toisiaan ja yhdess\u00e4 ajatella. Ja my\u00f6s tilan, jossa ei ole rajoja ajatuksille. Haemme n\u00e4in my\u00f6s tarjota mahdollisuuden l\u00e4hesty\u00e4 asioita erilaisista filosofisista suuntauksista k\u00e4sin kuin my\u00f6s taiteesta k\u00e4sin.&nbsp;<\/p>\n\n\n\n<p><em>Teemu Peltonen<\/em> lis\u00e4\u00e4: Haluamme tarjota ajatuksellisesti neutraalin tilan, jossa ei ole ihmisi\u00e4 jakavia rajoja politiikan, uskonnon tai yhteiskunnallisen aatesuuntauksen pohjalta. Esille tulevien pohdittavien asioiden ja ongelmien kattavuus m\u00e4\u00e4r\u00e4ytyy ennen kaikkea yhdistyksemme s\u00e4\u00e4nt\u00f6jen kautta. S\u00e4\u00e4nn\u00f6iss\u00e4 todetaan yhdistyksen tarkoituksena olevan edist\u00e4\u00e4 filosofiaa, asioiden pohtimisen ja ajattelun kulttuuria. Halusimme yhdistyksen nimen hyvin avoimeksi niin, ettei nime\u00e4 voisi yhdist\u00e4\u00e4 mihink\u00e4\u00e4n erityiseen ajattelusuuntaukseen, koska pel\u00e4ttiin sen silloin karkottavan jo alkuvaiheessa osan ihmisist\u00e4.&nbsp;<\/p>\n\n\n\n<p><strong>Kysymys Tuomas Tiaiselle: K\u00e4yt\u00e4t ammattinimikett\u00e4 filosofin ohella my\u00f6s Ymp\u00e4rist\u00f6kasvattaja -nimikett\u00e4. Mit\u00e4 t\u00e4st\u00e4 ammattinimikkeest\u00e4 voit kertoa?&nbsp;<\/strong><\/p>\n\n\n\n<p><em>Tuomas Tiainen<\/em>: Se on erikoisammattitutkinto, jota tarjoaa Suomen ymp\u00e4rist\u00f6opisto. Olen sen suorittanut. Se kesti noin vuoden. Ammattinimike edustaa osaa mit\u00e4 niist\u00e4 valmiuksistamme, mit\u00e4 me voimme tarjota asiakkaille.&nbsp;<\/p>\n\n\n\n<p><strong>Se on siis er\u00e4\u00e4nlaista luontoon liittyv\u00e4\u00e4 opastoimintaa?&nbsp;<\/strong><\/p>\n\n\n\n<p>Se voi olla my\u00f6s sellaista, jonka avulla voidaan ihmiset saattaa tietoiseksi heid\u00e4n luontosuhteestaan. Se voi olla my\u00f6s opastusta jollekin ty\u00f6yhteis\u00f6lle energian k\u00e4yt\u00f6n tehostamiseen luonnon hyvinvointia ajatellen. Se on er\u00e4\u00e4nlaista tietoisuuskasvatusta ymp\u00e4rist\u00f6asioista.<\/p>\n\n\n\n<p><strong>Miten se suhtautuu permakulttuuriin, joka on ollut esill\u00e4 Koroisten yhdistyksess\u00e4?<\/strong><\/p>\n\n\n\n<p>Arvopohjaltaan n\u00e4iss\u00e4 kahdessa on varmaan paljon samaa. Erona on kuitenkin se, ett\u00e4 ymp\u00e4rist\u00f6kasvattajan tutkinto on virallistoimintaa ja permakulttuuri on virallisj\u00e4rjestelmien ulkopuolella tapahtuvaa j\u00e4rjest\u00f6toimintaa.<\/p>\n\n\n\n<p><strong>Liittyyk\u00f6 Totuus ja tolkku tilaisuuksien j\u00e4rjest\u00e4misen aloittaminen jotenkin kulttuurip\u00e4\u00e4kaupunki -vuoden hankkeisiin, kun toiminta aloitettiin nimenomaan sin\u00e4 vuonna, eli 2011?<\/strong><\/p>\n\n\n\n<p><em>Tuomas Tiainen<\/em>: En voi sanoa, ett\u00e4 n\u00e4in olisi omalta kohdaltani. Muistan vain, ett\u00e4 kyseisen\u00e4 vuonna kysyin kirjastolta tilaisuuden j\u00e4rjest\u00e4miseen ja kirjasto suostui tilan luovuttamiseen kyseiseen tarkoitukseen. Sit\u00e4 en osaa sanoa, perustuiko t\u00e4m\u00e4 luovutus nimenomaan siihen, ett\u00e4 oli kulttuurip\u00e4\u00e4kaupunkivuosi. Alussa <em>Totuus- ja tolkku<\/em> tapahtumat olivat sek\u00e4 nuorille ja aikuisille tarkoitettuja. Lis\u00e4ksi niiss\u00e4 k\u00e4siteltiin popul\u00e4\u00e4rikulttuurissa ilmenevi\u00e4 filosofisia virtauksia esim. TV-sarjoissa ja sarjakuvissa, joista pidettiin alustuksia. Mukana oli my\u00f6s pieni nuorten ryhm\u00e4. Aluksi pidin itse kaikki n\u00e4m\u00e4 alustukset ja j\u00e4rjestelyt muuten. Minun piti laatia niist\u00e4 lyhyt demo ja siihen pyysin apua kirjastolta.&nbsp;<\/p>\n\n\n\n<p><strong>Kuuluvatko Totuus ja tolkku -keskustelutapahtumat<em> Sf\u00e4\u00e4ri ry:<\/em>n toimintaan?<\/strong><\/p>\n\n\n\n<p><em>Tuomas Tiainen<\/em>: Ei virallisesti, mutta sit\u00e4 kautta, ett\u00e4 v\u00e4ki, joka oli muodostunut <em>Totuus \u2013 ja tolkku &#8211;<\/em>toiminnan yhteydess\u00e4, perustivat aikoinaan (2017) <em>Sf\u00e4\u00e4ri ry<\/em>:n.\u00a0\u00a0Yhdistyksen toimintaan on my\u00f6hemmin tullut sellaisten tapahtumia, jotka aikaisemmin ovat olleet <em>Totuus ja Tolkku \u2013<\/em> filosofiakeskustelupiirin nimiss\u00e4. N\u00e4it\u00e4 ovat ennen kaikkea syksyll\u00e4 j\u00e4rjestetty maailman filosofiap\u00e4ivien yhteydess\u00e4 olevat <em>Molemmin puolin<\/em> ja <em>Filosofiaa kahvilassa <\/em>-tapahtumat.<\/p>\n\n\n<div class=\"wp-block-image is-style-rounded\">\n<figure class=\"aligncenter size-large is-resized\"><a href=\"http:\/\/www.koroinen.fi\/artikkelit\/wp-content\/uploads\/2023\/03\/IMG_1071.jpeg\"><img loading=\"lazy\" decoding=\"async\" src=\"http:\/\/www.koroinen.fi\/artikkelit\/wp-content\/uploads\/2023\/03\/IMG_1071-952x1024.jpeg\" alt=\"\" class=\"wp-image-2533\" width=\"476\" height=\"512\" srcset=\"https:\/\/www.koroinen.fi\/artikkelit\/wp-content\/uploads\/2023\/03\/IMG_1071-952x1024.jpeg 952w, https:\/\/www.koroinen.fi\/artikkelit\/wp-content\/uploads\/2023\/03\/IMG_1071-279x300.jpeg 279w, https:\/\/www.koroinen.fi\/artikkelit\/wp-content\/uploads\/2023\/03\/IMG_1071-768x826.jpeg 768w, https:\/\/www.koroinen.fi\/artikkelit\/wp-content\/uploads\/2023\/03\/IMG_1071-1428x1536.jpeg 1428w, https:\/\/www.koroinen.fi\/artikkelit\/wp-content\/uploads\/2023\/03\/IMG_1071.jpeg 1743w\" sizes=\"auto, (max-width: 476px) 100vw, 476px\" \/><\/a><figcaption>Teemu Peltonen<\/figcaption><\/figure>\n<\/div>\n\n\n<p><em>Teemu Peltonen<\/em>: <em>Totuus ja Tolkku<\/em> on ollut pohja <em>Sf\u00e4\u00e4ri ry<\/em>:lle, mutta yhdistyksen perustaminen liittyy likeisemmin nuorille suunnattuun filosofiatapahtumaan: <em>Ajattelen, koska voin<\/em> (AKV). Kun t\u00e4t\u00e4 tapahtuman j\u00e4rjest\u00e4mist\u00e4 selviteltiin ja tuli selv\u00e4ksi sekin, ett\u00e4 tapahtuman j\u00e4rjest\u00e4minen edellytt\u00e4\u00e4 my\u00f6s taloudellista panostusta ja se taas edellytti sellaisten avustusten hakemista, joita ei voi antaa yksityisille henkil\u00f6ille, niin yhdistyksen perustaminen tuli n\u00e4in ajankohtaiseksi vuonna 2017.&nbsp;<\/p>\n\n\n\n<p><strong>Mitk\u00e4 ovat Sf\u00e4\u00e4ri ry:n p\u00e4\u00e4tapahtumat?<\/strong><\/p>\n\n\n\n<p><em>Tuomas Tiainen<\/em>: Nuorten filosofiatapahtuma <em>Ajattelen koska voin<\/em> (AKV) ja <em>Molemmin puolin<\/em> ovat yhdistyksen omat toimintamuodot. Viime vuonna mukaan tuli kes\u00e4iset filosofiakeskustelut kahvilassa.<\/p>\n\n\n\n<p><em>Teemu Peltonen<\/em>: Toiminnot liittyv\u00e4t orgaanisesti yhteen. Erona on se, ett\u00e4 <em>Sf\u00e4\u00e4ri ry<\/em>:n tekee muodolliset p\u00e4\u00e4t\u00f6kset ja mainitsee toimintakertomuksessaan vain ne tapahtumat, jotka ovat yksinomaan yhdistyksen toimintaa, eli nuorten tapahtuma <em>Ajattelen koska voin<\/em>, <em>Molemmin puolin<\/em> ja viimeiseksi mukaan tullut <em>Filosofiaa kahvilassa<\/em>.<\/p>\n\n\n\n<p><strong>Ent\u00e4 n\u00e4m\u00e4 filosofiset luontok\u00e4velyt, joita on j\u00e4rjestetty mm. Halisten Virnam\u00e4en puistossa?<\/strong><\/p>\n\n\n\n<p><em>Tuomas Tiainen<\/em>: Ne liittyv\u00e4t <em>Osuuskunta Onnenjuureen<\/em>, jota olen ollut perustamassa. Osuuskunnan toiminta-ajatuksena on tuottaa hyvinvointia luonnon avulla erilaisten ohjelmapalvelujen kautta.&nbsp;&nbsp;N\u00e4it\u00e4 palveluja ovat mm, tapahtumat, joissa pyrit\u00e4\u00e4n rakentamaan yhteytt\u00e4 luontoon ja mets\u00e4\u00e4n, filosofiset k\u00e4velyt luonnossa sek\u00e4 monenlaiset joogatunnit, my\u00f6s luonnossa, kuten<em> ilmajooga joogatrapetsilla<\/em>, <em>mets\u00e4jooga<\/em> ja <em>lammasjooga<\/em>.<\/p>\n\n\n\n<p><strong>Mink\u00e4laisia ovat kokemuksia olette saaneet nuorten filosofiatapahtumista?<\/strong><\/p>\n\n\n\n<p><em>Teemu Peltonen<\/em>: Suurin haaste on melkein saada nuoret mukaan tapahtumiin. Ongelma koskee kaikkia tapahtumia. Olen ollut aikaisemmin opettajana ja saanut kokea t\u00e4m\u00e4n t\u00e4ss\u00e4kin ty\u00f6ss\u00e4. Koulun j\u00e4rjest\u00e4m\u00e4t ja ilmaiset elokuvat ja teatteriesitykset eiv\u00e4t nek\u00e4\u00e4n ved\u00e4 nuoria. El\u00e4m\u00e4 on nykyaikana nuorilla yleens\u00e4 kovin kiireist\u00e4, eik\u00e4 haluta sitoutua mihink\u00e4\u00e4n.&nbsp;<\/p>\n\n\n\n<p><strong>Mutta voiko olla niin, ett\u00e4 filosofia ja oma ajatusmaailmaa halutaan pit\u00e4\u00e4 mahdollisimman itsen\u00e4isen\u00e4 ja riippumattomana joissakin tapauksia? Halutaan itse tulkita maailma omien lukukokemuksen ja nuorten keskin\u00e4isten keskustelujen kautta? Ja t\u00e4m\u00e4 taas olisi johtamassa siihen, ett\u00e4 nuoret v\u00e4ltt\u00e4v\u00e4t tai karsastavat muuten opettajia ja vanhempia henkil\u00f6it\u00e4 muuten, jotka koetaan auktoriteeteiksi?<\/strong><\/p>\n\n\n<div class=\"wp-block-image is-style-rounded\">\n<figure class=\"aligncenter size-large is-resized\"><a href=\"http:\/\/www.koroinen.fi\/artikkelit\/wp-content\/uploads\/2023\/03\/IMG_1070.jpeg\"><img loading=\"lazy\" decoding=\"async\" src=\"http:\/\/www.koroinen.fi\/artikkelit\/wp-content\/uploads\/2023\/03\/IMG_1070-771x1024.jpeg\" alt=\"\" class=\"wp-image-2534\" width=\"386\" height=\"512\" srcset=\"https:\/\/www.koroinen.fi\/artikkelit\/wp-content\/uploads\/2023\/03\/IMG_1070-771x1024.jpeg 771w, https:\/\/www.koroinen.fi\/artikkelit\/wp-content\/uploads\/2023\/03\/IMG_1070-226x300.jpeg 226w, https:\/\/www.koroinen.fi\/artikkelit\/wp-content\/uploads\/2023\/03\/IMG_1070-768x1020.jpeg 768w, https:\/\/www.koroinen.fi\/artikkelit\/wp-content\/uploads\/2023\/03\/IMG_1070-1156x1536.jpeg 1156w, https:\/\/www.koroinen.fi\/artikkelit\/wp-content\/uploads\/2023\/03\/IMG_1070.jpeg 1421w\" sizes=\"auto, (max-width: 386px) 100vw, 386px\" \/><\/a><figcaption>Aaro Kangasniemi<\/figcaption><\/figure>\n<\/div>\n\n\n<p><em>Aaro Kangasniemi:<\/em> Oikeastaan juuri n\u00e4ist\u00e4 syist\u00e4 olemmekin halunneet, ett\u00e4 nuoret itse mahdollisuuksiensa mukaan itse suunnittelisivat ja toteuttaisivat tapahtuman (AKV) ja me olisimme l\u00e4hinn\u00e4 se taho, joka antaisi voiman tilaisuuteen, mahdollistaisi t\u00e4m\u00e4n, loisi n\u00e4in tapahtumalle raamit. Nuoret m\u00e4\u00e4rittelisiv\u00e4t, mist\u00e4 puhutaan, eli periaatteena olisi nuorilta nuorille.&nbsp;<\/p>\n\n\n\n<p>Paneelikeskustelut ovatkin olleet j\u00e4nnitt\u00e4vi\u00e4. On esimerkiksi kysytty: Onko luovuus hulluutta? Oli hienoa olla panelistina ja kuunnella ns. asiantuntijoita, joilla kyll\u00e4 juttua riitti. Mukana olleet ovat pit\u00e4neet tilaisuuksia hyvin\u00e4. Erityisesti v\u00e4ittelyt ovat kiehtoneet ihmisi\u00e4. V\u00e4ittelykilpailut ovat olleet suosittuja, ne ovat olleet tilaisuuden kohokohtia. <\/p>\n\n\n\n<p>Aina kun on ollut joku haaste, filosofiasta kiinnostuneita nuoria kyll\u00e4 l\u00f6ytyy. . Filosofian opiskelijoiden ainej\u00e4rjest\u00f6st\u00e4, Dialektiikasta on saatu tuomareita, jotka arvioivat argumentoinnin tasoa ja pyrkimyst\u00e4 j\u00e4rkev\u00e4\u00e4n keskusteluun. V\u00e4ittelyss\u00e4 on pyritty my\u00f6s siihen, ett\u00e4 yleis\u00f6ll\u00e4 olisi aktiivinen rooli. Tuomarit keskustelevat ennen kannanottojaan my\u00f6s yleis\u00f6n kanssa. Jos on kaksi tuomaria ja tuomarit ovat erimielisi\u00e4, niin yleis\u00f6n kanta ratkaisee voittajan.&nbsp;<\/p>\n\n\n\n<p><strong>Mink\u00e4 tyyppisi\u00e4 aiheita ja v\u00e4itteit\u00e4 on ollut esill\u00e4?<\/strong><\/p>\n\n\n\n<p><em>Aaro Kangasniemi:<\/em> Tilaisuuden teemaan liittyvi\u00e4 v\u00e4itteit\u00e4 on koottu ns. v\u00e4itepankkiin. Viimeksi saimme kuitenkin palautetta, ett\u00e4 v\u00e4itepankin v\u00e4itteet eiv\u00e4t oikein nuorten mieless\u00e4 toimineet. Siksi on erinomaisen hyv\u00e4, ett\u00e4 valmisteluty\u00f6ryhm\u00e4ss\u00e4 on mukana my\u00f6s nuoria. Voi olla, ett\u00e4 v\u00e4itteet haetaan suoraan ilman varsinaista ennakkoon tehty\u00e4 v\u00e4itepankkia.&nbsp;<\/p>\n\n\n<div class=\"wp-block-image is-style-rounded\">\n<figure class=\"aligncenter size-full is-resized\"><a href=\"http:\/\/www.koroinen.fi\/artikkelit\/wp-content\/uploads\/2023\/03\/DSC002381-1024x575-1.jpg\"><img loading=\"lazy\" decoding=\"async\" src=\"http:\/\/www.koroinen.fi\/artikkelit\/wp-content\/uploads\/2023\/03\/DSC002381-1024x575-1.jpg\" alt=\"\" class=\"wp-image-2527\" width=\"512\" height=\"288\" srcset=\"https:\/\/www.koroinen.fi\/artikkelit\/wp-content\/uploads\/2023\/03\/DSC002381-1024x575-1.jpg 1024w, https:\/\/www.koroinen.fi\/artikkelit\/wp-content\/uploads\/2023\/03\/DSC002381-1024x575-1-300x168.jpg 300w, https:\/\/www.koroinen.fi\/artikkelit\/wp-content\/uploads\/2023\/03\/DSC002381-1024x575-1-768x431.jpg 768w\" sizes=\"auto, (max-width: 512px) 100vw, 512px\" \/><\/a><figcaption><em>Ajattelen koska voin <\/em>-tapahtuma meneill\u00e4<\/figcaption><\/figure>\n<\/div>\n\n\n<p><em>Teemu Peltonen:<\/em> Viimeksi oli ongelmana my\u00f6s se, ett\u00e4 v\u00e4itelause oli laadittu liian monitulkintaiseksi, mik\u00e4 johti siihen, ett\u00e4 v\u00e4ittelij\u00e4t puhuivat eriasioista.Paneelikeskustelussa mukana on ollut ulkopuolisia filosofian alan ammattilaisia. Tunnemme ihmisi\u00e4. <em>Hemmo Laiho<\/em> Turun yliopistolla on ollut <em>Molemmin puolin<\/em> -tapahtuman taustalle yhteisty\u00f6projekti. enemm\u00e4kin voisi olla. My\u00f6s akv:ss\u00e4 on ollut yhteisty\u00f6t\u00e4 yliopiston kanssa.&nbsp;<\/p>\n\n\n\n<h3 class=\"wp-block-heading\">Loppukeskustelua<\/h3>\n\n\n\n<p><strong>Eik\u00f6 nykyisin tarvita my\u00f6s asioiden kokonaisvaltaista oppimista ja hallitsemista ja el\u00e4myksien hyv\u00e4ksik\u00e4ytt\u00f6\u00e4? Eih\u00e4n ihminen mik\u00e4\u00e4n laskukone voi olla, vaan h\u00e4n tarvitsee my\u00f6s mm. runoutta ja filosofiaa<\/strong>.<\/p>\n\n\n\n<p>Osa ihmisist\u00e4 tuntuu ajattelevan, ett\u00e4 kaikki ajattelua vaativa ty\u00f6, filosofia mukaan lukien, on pois tuottavasta ty\u00f6st\u00e4. T\u00e4lt\u00e4 joskus tuntuu. T\u00e4m\u00e4 on hiukan huono asia. Toisaalta jo Sokrateen aikana n\u00e4m\u00e4 samat erottelut vallitsivat ja ajattelua pidettiin turhana. Sokrates ajatteli, ett\u00e4 el\u00e4m\u00e4\u00e4, johon ei sis\u00e4lly pohdintaa eik\u00e4 ole ajattelun kautta tutkittua, ei ole el\u00e4m\u00e4\u00e4 ollenkaan. On siis kysymys ikuisesta ongelmasta.<\/p>\n\n\n\n<p><strong>Ent\u00e4 erilaiset filosofiset suuntaukset?&nbsp;<\/strong><\/p>\n\n\n\n<p>Filosofisissa kirjallisuudelta vaaditaan jonkin tasoista viihteellisyytt\u00e4. Sokrateen aikana filosofia miellettiin k\u00e4yt\u00e4nn\u00f6n l\u00e4heiseksi. Filosofia koettiin el\u00e4m\u00e4ntapana.\u00a0Perusty\u00f6n ja perustutkimuksen merkityst\u00e4 ei aina ymm\u00e4rret\u00e4. Esimerkiksi uusi teko\u00e4lysovellus koetaan julkisuudessa uudeksi oivallukseksi, vaikka siihen liittyv\u00e4\u00e4 pohjaty\u00f6t\u00e4 on tehty vuosikymmennet ja omalla tavallaan voi sanoa, ett\u00e4 vuosisatoja aina Leibnizista l\u00e4htien. T\u00e4t\u00e4 pohjaty\u00f6t\u00e4 eik\u00e4 sen merkityst\u00e4 ei aina ymm\u00e4rret\u00e4, nyt kun kehittyneet teko\u00e4lyohjelmat kykenev\u00e4t jo oppimaan.<\/p>\n\n\n\n<p><strong>Mit\u00e4 on suunnitteilla?<\/strong><\/p>\n\n\n<div class=\"wp-block-image is-style-rounded\">\n<figure class=\"aligncenter size-large is-resized\"><a href=\"http:\/\/www.koroinen.fi\/artikkelit\/wp-content\/uploads\/2023\/03\/IMG_1068-2-kopio-scaled.jpeg\"><img loading=\"lazy\" decoding=\"async\" src=\"http:\/\/www.koroinen.fi\/artikkelit\/wp-content\/uploads\/2023\/03\/IMG_1068-2-kopio-623x1024.jpeg\" alt=\"\" class=\"wp-image-2530\" width=\"312\" height=\"512\"\/><\/a><figcaption>Heidi Pitk\u00e4nen<\/figcaption><\/figure>\n<\/div>\n\n\n<p>On ollut puhetta jostakin kes\u00e4tapahtumasta ja kirjastossa j\u00e4rjestett\u00e4v\u00e4st\u00e4 kriittisen ajattelun ty\u00f6pajasta. Opetusmateriaalin julkaiseminen<\/p>\n\n\n\n<p>Mukaantulo filosofisin keskustelutilaisuuksin esim. Elokuvap\u00e4ivien yhteydess\u00e4. On my\u00f6s puhuttu maksullisia tapahtumia konsultoinnin merkeiss\u00e4, jotta voisimme vahvistaa yhdistyksemme taloutta. Toisaalta emme haluaisi laittaa nuorille suunnatuille palveluille maksuja. Omarahoitusosuus on aina haaste, kun haluaisimme aina tarjota kaikille palveluita niin, ett\u00e4 olisivat kaikille saavutettavissa.&nbsp;<\/p>\n\n\n\n<p><strong>Ja lopuksi viel\u00e4 ehk\u00e4 hiukan h\u00e4mment\u00e4v\u00e4 kysymys lukijalle: <\/strong><\/p>\n\n\n\n<p>Onko en\u00e4\u00e4 niin merkityksellist\u00e4 jakaa maailmank\u00e4sityst\u00e4 henkiseksi tai materiaaliseksi?&nbsp;<\/p>\n\n\n\n<h3 class=\"wp-block-heading\">Lis\u00e4tietoja:<\/h3>\n\n\n\n<ul class=\"wp-block-list\"><li>Sf\u00e4\u00e4ri ry:n kotisivu, ks. <a rel=\"noreferrer noopener\" href=\"https:\/\/www.sfaariry.fi\/sfaari\/\" data-type=\"URL\" data-id=\"https:\/\/www.sfaariry.fi\/sfaari\/\" target=\"_blank\">https:\/\/www.sfaariry.fi\/sfaari\/<\/a><\/li><li>Eero Suorsa.<em> Filosofiaa Turussa \u2013 Sf\u00e4\u00e4ri ry:n tarina<\/em>. https:\/\/vapaa-ajattelijat.fi\/blog\/turku-sfaari\/<\/li><li>Osuuskunta Onnenjuuren kotisivu, ks. https:\/\/onnenjuuri.com\/<\/li><li>Filosofiatapahtuma Molemmin puolin, ks. https:\/\/www.sfaariry.fi\/molemmin-puolin\/<\/li><\/ul>\n\n\n\n<h3 class=\"wp-block-heading\">Kuvat:<\/h3>\n\n\n\n<ul class=\"wp-block-list\"><li>Muotokuvat: Timo Leinonen<\/li><li>Muut kuvat: Sf\u00e4\u00e4ri ry<\/li><\/ul>\n","protected":false},"excerpt":{"rendered":"<p>Halisten Myll\u00e4ritalon kahvila Annelassa keskusteltiin viime kes\u00e4n\u00e4 filosofiasta useampana iltap\u00e4iv\u00e4n\u00e4. Teemana oli mm. k\u00e4sitykset totuudesta ja Hegelin logiikka. Tilaisuudet j\u00e4rjesti filosofiayhdistys Sf\u00e4\u00e4ri ry ja toteutti k\u00e4yt\u00e4nn\u00f6ss\u00e4 paikallista filosofista keskustelua monin tavoin aktivoinut filosofi ja ymp\u00e4rist\u00f6kasvattaja Tuomas Tiainen. H\u00e4n on aikaisemminkin vieraillut Halistenkosken alueella filosofisten tapahtumien merkeiss\u00e4. H\u00e4n on vet\u00e4nyt filosofisia ja luontoa pohtivia k\u00e4velyretki\u00e4 mm. &#8230; <a title=\"FILOSOFIAYHDISTYS SF\u00c4\u00c4RI RY ESITT\u00c4YTYY\" class=\"read-more\" href=\"https:\/\/www.koroinen.fi\/artikkelit\/filosofiayhdistys-sfaari-ry-esittaytyy\/\" aria-label=\"Lue lis\u00e4\u00e4 aiheesta FILOSOFIAYHDISTYS SF\u00c4\u00c4RI RY ESITT\u00c4YTYY\">Lue lis\u00e4\u00e4<\/a><\/p>\n","protected":false},"author":1,"featured_media":2526,"comment_status":"closed","ping_status":"closed","sticky":false,"template":"","format":"standard","meta":{"footnotes":""},"categories":[76,84,80],"tags":[110,27,111],"class_list":["post-2524","post","type-post","status-publish","format-standard","has-post-thumbnail","hentry","category-esittely","category-kulttuuri","category-yritykset","tag-filosofia","tag-kotiseututyo","tag-yhdistykset"],"_links":{"self":[{"href":"https:\/\/www.koroinen.fi\/artikkelit\/wp-json\/wp\/v2\/posts\/2524","targetHints":{"allow":["GET"]}}],"collection":[{"href":"https:\/\/www.koroinen.fi\/artikkelit\/wp-json\/wp\/v2\/posts"}],"about":[{"href":"https:\/\/www.koroinen.fi\/artikkelit\/wp-json\/wp\/v2\/types\/post"}],"author":[{"embeddable":true,"href":"https:\/\/www.koroinen.fi\/artikkelit\/wp-json\/wp\/v2\/users\/1"}],"replies":[{"embeddable":true,"href":"https:\/\/www.koroinen.fi\/artikkelit\/wp-json\/wp\/v2\/comments?post=2524"}],"version-history":[{"count":18,"href":"https:\/\/www.koroinen.fi\/artikkelit\/wp-json\/wp\/v2\/posts\/2524\/revisions"}],"predecessor-version":[{"id":2573,"href":"https:\/\/www.koroinen.fi\/artikkelit\/wp-json\/wp\/v2\/posts\/2524\/revisions\/2573"}],"wp:featuredmedia":[{"embeddable":true,"href":"https:\/\/www.koroinen.fi\/artikkelit\/wp-json\/wp\/v2\/media\/2526"}],"wp:attachment":[{"href":"https:\/\/www.koroinen.fi\/artikkelit\/wp-json\/wp\/v2\/media?parent=2524"}],"wp:term":[{"taxonomy":"category","embeddable":true,"href":"https:\/\/www.koroinen.fi\/artikkelit\/wp-json\/wp\/v2\/categories?post=2524"},{"taxonomy":"post_tag","embeddable":true,"href":"https:\/\/www.koroinen.fi\/artikkelit\/wp-json\/wp\/v2\/tags?post=2524"}],"curies":[{"name":"wp","href":"https:\/\/api.w.org\/{rel}","templated":true}]}}