{"id":1586,"date":"2020-07-05T16:23:40","date_gmt":"2020-07-05T13:23:40","guid":{"rendered":"http:\/\/www.koroinen.fi\/artikkelit\/?p=1586"},"modified":"2023-03-08T16:19:21","modified_gmt":"2023-03-08T14:19:21","slug":"vuoden-2017-koroiset-lehdet","status":"publish","type":"post","link":"https:\/\/www.koroinen.fi\/artikkelit\/vuoden-2017-koroiset-lehdet\/","title":{"rendered":"Vuoden 2017 KoroiSet -lehdet"},"content":{"rendered":"<div class=\"wp-block-image\">\n<figure class=\"aligncenter size-large\"><img loading=\"lazy\" decoding=\"async\" width=\"843\" height=\"1024\" src=\"http:\/\/www.koroinen.fi\/artikkelit\/wp-content\/uploads\/2020\/07\/KoroiSet_2017_01-843x1024.jpeg\" alt=\"\" class=\"wp-image-1564\" srcset=\"https:\/\/www.koroinen.fi\/artikkelit\/wp-content\/uploads\/2020\/07\/KoroiSet_2017_01-843x1024.jpeg 843w, https:\/\/www.koroinen.fi\/artikkelit\/wp-content\/uploads\/2020\/07\/KoroiSet_2017_01-247x300.jpeg 247w, https:\/\/www.koroinen.fi\/artikkelit\/wp-content\/uploads\/2020\/07\/KoroiSet_2017_01-768x933.jpeg 768w, https:\/\/www.koroinen.fi\/artikkelit\/wp-content\/uploads\/2020\/07\/KoroiSet_2017_01.jpeg 1069w\" sizes=\"auto, (max-width: 843px) 100vw, 843px\" \/><\/figure>\n<\/div>\n\n\n<h2 class=\"wp-block-heading\">KoroiSet 1\/2017 sis\u00e4lt\u00f6<\/h2>\n\n\n\n<!--more-->\n\n\n\n<ol class=\"wp-block-list\"><li>P\u00e4\u00e4kirjoituksessa Tapio Jokinen&nbsp;&nbsp;kirjoittaa Lounais-Suomen Diabetes&nbsp;&nbsp;ry:n hallituksen puheenjohtajana diabetes-j\u00e4rjest\u00f6ist\u00e4 ja liikunnan merkityksest\u00e4 diabeteksen torjunnassa. s. 2.<\/li><li>Tietokirjailija Rauno Lahtinen kertoo kotiseutuajattelun merkityksest\u00e4 Suomen itsen\u00e4isyyden juhlavuonna. s. 2.<\/li><li>Jussi Nurmi haastattelee Leaf Areena toimitusjohtajaa Pasi Kuuttia, s. 3.<\/li><li>Heidi Pyh\u00e4lahti kirjoittaa Halisten uudesta, nuorisokeskuksesta Huudista ja avaustilaisuudesta, s. 4.<\/li><li>Tytti Issakaisen muistokirjoitus puutarhuri Ulla Laineen poismenosta 29.1.2017, s. 5.<\/li><li>Harri Raitis esittelee itsen\u00e4isyyden juhlavuoden n\u00e4ytelm\u00e4n Toivon ja tuhon tien, s. 5.<\/li><li>Kev\u00e4tkauden tapahtumat alueella esitell\u00e4\u00e4n, s. 5.<\/li><li>Timo Leinonen kirjoittaa Mikael Agricolan el\u00e4m\u00e4st\u00e4 ja el\u00e4m\u00e4nty\u00f6st\u00e4, s. 6 \u2013 7.<\/li><li>Kansanedustaja Annika Lapintie kirjoittaa Sote-uudistuksesta, s. 8.<\/li><li>Kaupunginvaltuutettu Mikael Miikkola kertoo kaavoituksen ongelmista, s. 8.<\/li><li>Arno Kasvi kertoo Madeiran tuhohy\u00f6nteisen aiheuttamista vahingoista ja tulevaisuuden uhista, s. 9.<\/li><li>Aulis Katajam\u00e4ki muistelee T\u00e4til\u00e4n talon persoonallista renki\u00e4 Py\u00f6r\u00e4m\u00e4en Mikkoa, s. 10.<\/li><li>Pentti Huovinen kirjoittaa blogissaan maailmanpoliittisesta tilanteesta Krimin miehityksen j\u00e4lkeen, s. 10.<\/li><li>Lounais-Suomen J\u00e4tehuolto Oy:n tiedottaja Tuuli Meril\u00e4inen kirjoittaa Topinojalla meneill\u00e4 olevista muutost\u00f6ist\u00e4 ja niihin liittyvist\u00e4 r\u00e4j\u00e4ytyst\u00f6ist\u00e4, s. 12.<\/li><\/ol>\n\n\n\n<p>KoroiSet 1\/2017 on luettavissa pdf -muodossa <a href=\"http:\/\/www.koroinen.fi\/lehdet\/KoroiSet_2017_01.pdf\" target=\"_blank\" rel=\"noreferrer noopener\" aria-label=\"t\u00e4s (avautuu uudessa v\u00e4lilehdess\u00e4)\">t\u00e4s<\/a><a rel=\"noreferrer noopener\" aria-label=\"\u00e4st\u00e4  (avautuu uudessa v\u00e4lilehdess\u00e4)\" href=\"http:\/\/www.koroinen.fi\/lehdet\/KoroiSet_2017_01.pdf\" target=\"_blank\">t\u00e4<\/a><\/p>\n\n\n<div class=\"wp-block-image\">\n<figure class=\"aligncenter size-large\"><img loading=\"lazy\" decoding=\"async\" width=\"841\" height=\"1024\" src=\"http:\/\/www.koroinen.fi\/artikkelit\/wp-content\/uploads\/2020\/07\/KoroiSet_2017_02-841x1024.jpeg\" alt=\"\" class=\"wp-image-1565\" srcset=\"https:\/\/www.koroinen.fi\/artikkelit\/wp-content\/uploads\/2020\/07\/KoroiSet_2017_02-841x1024.jpeg 841w, https:\/\/www.koroinen.fi\/artikkelit\/wp-content\/uploads\/2020\/07\/KoroiSet_2017_02-246x300.jpeg 246w, https:\/\/www.koroinen.fi\/artikkelit\/wp-content\/uploads\/2020\/07\/KoroiSet_2017_02-768x936.jpeg 768w, https:\/\/www.koroinen.fi\/artikkelit\/wp-content\/uploads\/2020\/07\/KoroiSet_2017_02.jpeg 1068w\" sizes=\"auto, (max-width: 841px) 100vw, 841px\" \/><\/figure>\n<\/div>\n\n\n<h2 class=\"wp-block-heading\">KoroiSet 2\/2017 sis\u00e4lt\u00f6<\/h2>\n\n\n\n<ol class=\"wp-block-list\"><li>P\u00e4\u00e4kirjoituksessa Tapio Jokinen kertoo kuntavaaleista 9.4.2017 ja puretun j\u00e4tepolttolaitoksen alueen kaavoituksesta, s. 2.<\/li><li>Esitell\u00e4\u00e4n reformaatiovuoden tapahtumia Maarian seurakunnassa, s. 2.<\/li><li>Susanna Salmela kertoo Agricolasta ja Tytti Issakaisen, Kaisa H\u00e4kkisen ja Maisa Tonterin uudesta kirjasta&nbsp;<em>A sanoi Agricola<\/em>, s. 3.<\/li><li>Esitell\u00e4\u00e4n Kuralan Kyl\u00e4m\u00e4en kev\u00e4tkauden ohjelma, s. 3.<\/li><li>Henna Jagt kertoo Maarian K\u00e4mmek\u00f6iden perhepartiotoiminnasta, s. 4.<\/li><li>Johanna Lampinen kirjoittaa SPR:n Huudissa j\u00e4rjestetyst\u00e4 el\u00e4m\u00e4nkohtaloita k\u00e4sittelev\u00e4st\u00e4 illasta, \u201dkirjastosta\u201d, s. 5.<\/li><li>Jussi Nurmi haastattelee Turun Vesihuolto Oy:n toimitusjohtajaa Irina Nordmania, s. 6.<\/li><li>Esitell\u00e4\u00e4n kes\u00e4n tapahtumia Halisten koskella ja Koroisten niemell\u00e4, s. 7.<\/li><li>Tytti Issakainen kirjoittaa Anita ja Pertti Pussiselle Turun arkkihiippakunnan my\u00f6nt\u00e4m\u00e4st\u00e4 arkkipookipalkinnon heid\u00e4n toiminnastaan Maarian seurakunnassa, s. 8.<\/li><li>Esitell\u00e4\u00e4n Kotiseutuyhdistyksen tuottama n\u00e4ytelm\u00e4 Toivon ja tuhon tie, s. 8.<\/li><li>Esitell\u00e4\u00e4n tulevan HaliSviikon ohjelmaa, s. 9.<\/li><li>Johanna Lampinen esittelee Koroisilla toimivan Maailmanpy\u00f6r\u00e4 Koroinen \u2013 py\u00f6r\u00e4kirppis \u2013 haastattelemalla Pepe Mikkosta ja Teemu Erkkoa, s. 10.<\/li><li>Esitell\u00e4\u00e4n Koroisten kev\u00e4tp\u00e4iv\u00e4 20.- 21.5. ja El\u00e4v\u00e4n kulttuurin Koroinen ry:n hanke KOROINEN EL\u00c4\u00c4, s. 11 ja taidegraafikko Markku Laitakarin n\u00e4yttely Koroisten kartanolla, s. 11.<\/li><li>Timo Leinonen kirjoittaa Mikael Agricola symposiumista kristillisell\u00e4 opistolla 11.3.2017, s. 12.<\/li><li>Jussi Nurmi Haastattelee ylipuutarhuri Arno Kasvia, s. 13.<\/li><li>Aulis Katajam\u00e4ki muistelee kes\u00e4ist\u00e4 retke\u00e4\u00e4n Raasin korpeen, s.14.<\/li><li>Anna Harmava Turkuseurasta esittelee Kumppanuusp\u00f6yt\u00e4 -hankkeen vaikuttamisv\u00e4yl\u00e4n\u00e4, s. 14.<\/li><li>Henri Kirkanen esittelee Tytti Issakaisen, Timo Jakosen, Riikka Kaistin ja Erkki Kiisken kirjan Turun tuomiokirkko \u2013&nbsp;<em>Opas seitsem\u00e4\u00e4n vuosisataan<\/em>, s. 16.<\/li><\/ol>\n\n\n\n<p>KoroiSet 2\/2017 on luettavissa pdf -muodossa <a rel=\"noreferrer noopener\" aria-label=\"t\u00e4st\u00e4   (avautuu uudessa v\u00e4lilehdess\u00e4)\" href=\"http:\/\/www.koroinen.fi\/lehdet\/KoroiSet_2017_02.pdf\" target=\"_blank\">t\u00e4st\u00e4  <\/a><\/p>\n\n\n\n<h1 class=\"wp-block-heading\">KoroiSet 2\/2017 on viimeinen julkaistu printtilehti KoroiSet -lehtien sarjassa. <\/h1>\n\n\n\n<h3 class=\"wp-block-heading\">Ensimm\u00e4isen vuosikerran 2008 lehdet l\u00f6ytyv\u00e4t <a rel=\"noreferrer noopener\" aria-label=\"t\u00e4st\u00e4 (avautuu uudessa v\u00e4lilehdess\u00e4)\" href=\"http:\/\/www.koroinen.fi\/artikkelit\/vanhojen-koroiset-lehtien-julkaisusarja-alkamassa\/#more-1124\" target=\"_blank\">t\u00e4st\u00e4<\/a>.<\/h3>\n\n\n\n<h3 class=\"has-text-align-center wp-block-heading\">Kiitos mielenkiinnostanne!<\/h3>\n","protected":false},"excerpt":{"rendered":"<p>KoroiSet 1\/2017 sis\u00e4lt\u00f6<\/p>\n","protected":false},"author":1,"featured_media":151,"comment_status":"closed","ping_status":"closed","sticky":false,"template":"","format":"standard","meta":{"footnotes":""},"categories":[13,41,37],"tags":[42,34,27,36],"class_list":["post-1586","post","type-post","status-publish","format-standard","has-post-thumbnail","hentry","category-historia","category-koroiset","category-kotiseutuyhdistys-halinen-rantamaki-ry","tag-42","tag-koroiset","tag-kotiseututyo","tag-kotiseutuyhdistys-halinen-rantamaki-ry"],"_links":{"self":[{"href":"https:\/\/www.koroinen.fi\/artikkelit\/wp-json\/wp\/v2\/posts\/1586","targetHints":{"allow":["GET"]}}],"collection":[{"href":"https:\/\/www.koroinen.fi\/artikkelit\/wp-json\/wp\/v2\/posts"}],"about":[{"href":"https:\/\/www.koroinen.fi\/artikkelit\/wp-json\/wp\/v2\/types\/post"}],"author":[{"embeddable":true,"href":"https:\/\/www.koroinen.fi\/artikkelit\/wp-json\/wp\/v2\/users\/1"}],"replies":[{"embeddable":true,"href":"https:\/\/www.koroinen.fi\/artikkelit\/wp-json\/wp\/v2\/comments?post=1586"}],"version-history":[{"count":17,"href":"https:\/\/www.koroinen.fi\/artikkelit\/wp-json\/wp\/v2\/posts\/1586\/revisions"}],"predecessor-version":[{"id":2458,"href":"https:\/\/www.koroinen.fi\/artikkelit\/wp-json\/wp\/v2\/posts\/1586\/revisions\/2458"}],"wp:featuredmedia":[{"embeddable":true,"href":"https:\/\/www.koroinen.fi\/artikkelit\/wp-json\/wp\/v2\/media\/151"}],"wp:attachment":[{"href":"https:\/\/www.koroinen.fi\/artikkelit\/wp-json\/wp\/v2\/media?parent=1586"}],"wp:term":[{"taxonomy":"category","embeddable":true,"href":"https:\/\/www.koroinen.fi\/artikkelit\/wp-json\/wp\/v2\/categories?post=1586"},{"taxonomy":"post_tag","embeddable":true,"href":"https:\/\/www.koroinen.fi\/artikkelit\/wp-json\/wp\/v2\/tags?post=1586"}],"curies":[{"name":"wp","href":"https:\/\/api.w.org\/{rel}","templated":true}]}}