{"id":1566,"date":"2020-07-03T19:10:23","date_gmt":"2020-07-03T16:10:23","guid":{"rendered":"http:\/\/www.koroinen.fi\/artikkelit\/?p=1566"},"modified":"2023-03-08T16:21:16","modified_gmt":"2023-03-08T14:21:16","slug":"vuoden-2016-koroiset-lehdet","status":"publish","type":"post","link":"https:\/\/www.koroinen.fi\/artikkelit\/vuoden-2016-koroiset-lehdet\/","title":{"rendered":"Vuoden 2016 KoroiSet -lehdet"},"content":{"rendered":"<div class=\"wp-block-image\">\n<figure class=\"aligncenter size-large\"><img loading=\"lazy\" decoding=\"async\" width=\"835\" height=\"1024\" src=\"http:\/\/www.koroinen.fi\/artikkelit\/wp-content\/uploads\/2020\/07\/KoroiSet_2016_01-835x1024.jpeg\" alt=\"\" class=\"wp-image-1560\" srcset=\"https:\/\/www.koroinen.fi\/artikkelit\/wp-content\/uploads\/2020\/07\/KoroiSet_2016_01-835x1024.jpeg 835w, https:\/\/www.koroinen.fi\/artikkelit\/wp-content\/uploads\/2020\/07\/KoroiSet_2016_01-245x300.jpeg 245w, https:\/\/www.koroinen.fi\/artikkelit\/wp-content\/uploads\/2020\/07\/KoroiSet_2016_01-768x941.jpeg 768w, https:\/\/www.koroinen.fi\/artikkelit\/wp-content\/uploads\/2020\/07\/KoroiSet_2016_01.jpeg 1072w\" sizes=\"auto, (max-width: 835px) 100vw, 835px\" \/><\/figure>\n<\/div>\n\n\n<h2 class=\"wp-block-heading\">KoroiSet 1\/2016 sis\u00e4lt\u00f6<\/h2>\n\n\n\n<!--more-->\n\n\n\n<ol class=\"wp-block-list\"><li>P\u00e4\u00e4kirjoituksessa Tapio Jokinen esittelee meneill\u00e4 olevia muutoshankkeita, kuten kaupungin aluetoiminnan uudelleen organisointi ja Turun seudun seurakuntien m\u00e4\u00e4r\u00e4n supistaminen, s. 2.<\/li><li>Palvelup\u00e4\u00e4llikk\u00f6 Raimo Oksa esittelee tervehdyspuheenvuorossaan, mit\u00e4 julkisia julkisia palveluja on saatavissa yhteispalvelu Monitorissa, s. 2.<\/li><li>Liikuntapalveluvastaava Satu Revonsuo esittelee Nummi-Halisen alueen liikuntamahdollisuuksia, s. 2.<\/li><li>Jussi Nurmi haastattelee autohuoltoyritt\u00e4j\u00e4\u00e4 Ravi Daniel Balakrishnania, s. 3.<\/li><li>Tapio Jokinen on valittu Turkuseuran puheenjohtajaksi ja Tapani Rantala ja Mari Korhonen kirkolliskokouksen edustajiksi, s. 3.<\/li><li>Turun Vanhuskeskuksen johtaja Riitta Karjalainen kertoo opintomatkastaan Hollantiin paikalliseen \u201dmuistikyl\u00e4\u00e4n\u201d.<\/li><li>Kirjastonjohtaja Maikku Alanko esittelee Nummen kirjaston siirtymist\u00e4 omatoimikirjastoksi, s. 5.<\/li><li>Pertti Pussinen esittelee Maarian kirkossa j\u00e4rjestett\u00e4v\u00e4n paastonaikaisen ristintie -hartaustilaisuuden, s. 6.<\/li><li>Maalarimestari Eevi Raunio muistelee menneit\u00e4 tapahtumia, s. 7.<\/li><li>Esitell\u00e4\u00e4n k\u00e4ynnistynytt\u00e4 Pihakilpailua, s. 7.<\/li><li>Timo Leinonen kirjoittaa Jaakko Haavion el\u00e4m\u00e4st\u00e4 h\u00e4nen runoutensa pohjalta, osa 2, s. 8 \u2013 10.<\/li><li>FT Jouni Issakainen kirjoittaa K\u00e4rs\u00e4m\u00e4en tiilitehtaan historiasta, s. 11.<\/li><li>Arno Kasvi esittelee kivitaskun pesimistapaa ja havaintojaan siit\u00e4, s. 12.<\/li><li>Timo Leinonen selostaa Matti Lehtikunnaksen muistikuvia ja kokemuksiaan Talvisodan aikaisista lentopommituksista, s. 13.<\/li><li>Aulis Katajam\u00e4ki kertoo muistikuvistaan Halisten paloista ja k\u00e4ytett\u00e4viss\u00e4 olleista palon sammutuskalustosta, s. 14.<\/li><li>Pentti Huovinen kertoo blogissaan sotekustannuksista tehtyjen tutkimusten pohjalta ja mahdollisuuksista uudistuksilla saavuttaa siin\u00e4 s\u00e4\u00e4st\u00f6j\u00e4, s. 14.<\/li><li>Esitell\u00e4\u00e4n Kuralan Kyl\u00e4m\u00e4en kev\u00e4\u00e4n ohjelmatarjonta, s. 15.<\/li><li>Pertti Pussinen esittelee Maarian pappilan leivintuvassa j\u00e4rjestetyst\u00e4 nukke ja nukkekotin\u00e4yttelyst\u00e4, s. 16.<\/li><\/ol>\n\n\n\n<p>KoroiSet 1\/2016 on luettavissa pdf -muodossa <a rel=\"noreferrer noopener\" aria-label=\" (avautuu uudessa v\u00e4lilehdess\u00e4)\" href=\"http:\/\/www.koroinen.fi\/lehdet\/KoroiSet_2016_01.pdf\" target=\"_blank\">t\u00e4st\u00e4 <\/a> <\/p>\n\n\n<div class=\"wp-block-image\">\n<figure class=\"aligncenter size-large\"><img loading=\"lazy\" decoding=\"async\" width=\"837\" height=\"1024\" src=\"http:\/\/www.koroinen.fi\/artikkelit\/wp-content\/uploads\/2020\/07\/KoroiSet_2016_02-837x1024.jpeg\" alt=\"\" class=\"wp-image-1561\" srcset=\"https:\/\/www.koroinen.fi\/artikkelit\/wp-content\/uploads\/2020\/07\/KoroiSet_2016_02-837x1024.jpeg 837w, https:\/\/www.koroinen.fi\/artikkelit\/wp-content\/uploads\/2020\/07\/KoroiSet_2016_02-245x300.jpeg 245w, https:\/\/www.koroinen.fi\/artikkelit\/wp-content\/uploads\/2020\/07\/KoroiSet_2016_02-768x940.jpeg 768w, https:\/\/www.koroinen.fi\/artikkelit\/wp-content\/uploads\/2020\/07\/KoroiSet_2016_02.jpeg 1068w\" sizes=\"auto, (max-width: 837px) 100vw, 837px\" \/><\/figure>\n<\/div>\n\n\n<h2 class=\"wp-block-heading\">KoroiSet 2\/2016 sis\u00e4lt\u00f6<\/h2>\n\n\n\n<ol class=\"wp-block-list\"><li>P\u00e4\u00e4kirjoituksessa Tapio Jokinen esittelee Turun kaupungin erilaisia osallisuushankkeita, joiden tarkoituksena on kolmannen sektorin kautta aktivoida asukkaita ja ohjata heit\u00e4 erilaisten harrastustoimintojen piiriin. H\u00e4n kertoo samalla, ett\u00e4 KoroiSet -lehdest\u00e4 on l\u00f6ydett\u00e4viss\u00e4 t\u00e4n\u00e4kin vuonna alueen runsas kes\u00e4tapahtumatarjonta, s. 2.<\/li><li>Suomen Kotiseutuliiton toiminnanjohtaja Riitta Vanhatalo esitt\u00e4\u00e4 tervehdyspuheenvuorossaan, ett\u00e4 ensi vuonna (2017) vietett\u00e4v\u00e4 Suomen itsen\u00e4isyyden 100-vuotisjuhla on samalla kotiseututy\u00f6n juhlaa, s. 2.<\/li><li>Jussi Nurmi haastattelee Orikedolla sijaitsevan kiinteist\u00f6huoltoyhti\u00f6n Kiinteist\u00f6\u00e4ss\u00e4 Oy:n liikkeenharjoittajaa Teija Harkaa ja esittelee yrityksen toimintaa, s. 3.<\/li><li>Riitta Karjalainen kirjoittaa j\u00e4rjest\u00f6jen ja vapaaehtoisty\u00f6n merkityksest\u00e4, s. 4.<\/li><li>Tytti Issakainen kertoo Agricolan p\u00e4iv\u00e4n\u00e4 9.4.2016 pidetyst\u00e4 Agricolan ty\u00f6h\u00f6n liittyv\u00e4st\u00e4 seminaarista Maarian kirkossa, s. 5.<\/li><li>Pertti Pussinen kertoo Pehr Kalmin 300-vuotisjuhlatilaisuudesta seppeleen laskusta Kalmin muistolaatalle Maarian kirkossa, s. 5.<\/li><li>Halisten Virnam\u00e4ess\u00e4 kes\u00e4isin asunut Markku Vasama kertoo suvustaan ja isot\u00e4tins\u00e4 Emilia L\u00f6ytyn, eli Kaarle Marjasen \u00e4idin\u00e4idin tarinan Ruovedelt\u00e4 Maariaan, s. 6.<\/li><li>Kirjastojohtaja Maikku Alanko kertoo mit\u00e4 kaikkea ihmiset hakevat kirjastosta. s. 7.<\/li><li>Nummen kirjaston y\u00f6vahti Pullervo P\u00f6ll\u00f6 kertoo kuulumisiaan, s. 7.<\/li><li>Timo Leinonen kirjoittaa Jaakko Haavion el\u00e4m\u00e4st\u00e4 h\u00e4nen runojensa pohjalta, osa 3, s. 8.<\/li><li>Timo Leinonen kertoo Jaakko Haavio symposiumista turun kristillisell\u00e4 opistolla 12.3.2016, s. 9.<\/li><li>Jaakko Haavio symposiumin osa 2, eli runoesitys Syd\u00e4men ilon maassa esitell\u00e4\u00e4n, s. 9.<\/li><li>Liisa M\u00e4kitalo esittelee Turun vesilaitosmuseon, s. 10.<\/li><li>Toiminnanjohtaja Kristiina Syrj\u00e4suo esittelee Turkuseuran kev\u00e4tretken Maarian kirkon hautausmaalle, s. 11.<\/li><li>Laura Tikkanen esittelee Kuurojen palvelus\u00e4\u00e4ti\u00f6n yll\u00e4pit\u00e4m\u00e4n palvelukeskus Salmelan R\u00e4nt\u00e4m\u00e4ess\u00e4, s. 12.<\/li><li>Aulis Katajam\u00e4ki muistelee lipokalastusta Halisten koskella, s. 14.<\/li><li>Pentti Huovinen kertoo blogissaan siit\u00e4, miten ruokavalion vihannekset suojaavat ihmist\u00e4 suolistojen bakteerikantojen vahingollisilta vaikutuksilta, s. 14.<\/li><li>Pertti Pussinen esittelee Tastulan pienoisrautatiekerhon toimintaa, s. 16.<\/li><\/ol>\n\n\n\n<p>KoroiSet 2\/2016 on luettavissa pdf -muodossa <a href=\"http:\/\/www.koroinen.fi\/lehdet\/KoroiSet_2016_02.pdf\" target=\"_blank\" rel=\"noreferrer noopener\" aria-label=\"t\u00e4st\u00e4 (avautuu uudessa v\u00e4lilehdess\u00e4)\">t\u00e4st\u00e4<\/a><\/p>\n\n\n<div class=\"wp-block-image\">\n<figure class=\"aligncenter size-large\"><img loading=\"lazy\" decoding=\"async\" width=\"837\" height=\"1024\" src=\"http:\/\/www.koroinen.fi\/artikkelit\/wp-content\/uploads\/2020\/07\/KoroiSet_2016_03-837x1024.jpeg\" alt=\"\" class=\"wp-image-1562\" srcset=\"https:\/\/www.koroinen.fi\/artikkelit\/wp-content\/uploads\/2020\/07\/KoroiSet_2016_03-837x1024.jpeg 837w, https:\/\/www.koroinen.fi\/artikkelit\/wp-content\/uploads\/2020\/07\/KoroiSet_2016_03-245x300.jpeg 245w, https:\/\/www.koroinen.fi\/artikkelit\/wp-content\/uploads\/2020\/07\/KoroiSet_2016_03-768x939.jpeg 768w, https:\/\/www.koroinen.fi\/artikkelit\/wp-content\/uploads\/2020\/07\/KoroiSet_2016_03.jpeg 1067w\" sizes=\"auto, (max-width: 837px) 100vw, 837px\" \/><\/figure>\n<\/div>\n\n\n<h2 class=\"wp-block-heading\">KoroiSet 3\/2016 sis\u00e4lt\u00f6<\/h2>\n\n\n\n<ol class=\"wp-block-list\"><li>P\u00e4\u00e4kirjoituksessa Tapio Jokinen esitt\u00e4\u00e4 yhteenvedon kes\u00e4kauden tapahtumista ja kertoo Turkuseuran kuulumisista, s. 2.<\/li><li>Turun kaupungin aluety\u00f6kehitt\u00e4j\u00e4 Katri Aarnivaara kertoo tervehdyspuheenvuorossaan aluety\u00f6n odotettavissa olevista, s. 2.<\/li><li>Esitell\u00e4\u00e4n onkikilpailun tulokset, s. 2.<\/li><li>Johanna Anttonen esittelee Turun Saram\u00e4ess\u00e4 Marttilan maatilalla olevan Luomuspajan, s. 3.<\/li><li>Esitell\u00e4\u00e4n tekstein ja kuvin kes\u00e4kauden tapahtumia Halisissa, Koroisissa ja Maariassa, s. 4 \u2013 7 ja Liedon Vanhalinnassa, s. 9.<\/li><li>Jussi Nurmi haastattelee Lassila &amp; Tikanojan Vaskikadun ymp\u00e4rist\u00f6palveluiden yksik\u00f6n p\u00e4\u00e4llikk\u00f6\u00e4 Jari Mannervuota ja selitt\u00e4\u00e4 yksik\u00f6n toimintaa, s. 8.<\/li><li>Johannes Koroma kirjoittaa Koroisten suvun ja Koroisten alueen historiasta, s. 10.<\/li><li>Nuorisolautakunnan puheenjohtaja Muhis Azizi kirjoittaa uudesta nuorisotilasta Halisissa, s. 11.<\/li><li>Pertti Pussinen ja Tytti Issakainen kertovat Maarian seurakunnan tulevista tapahtumista tulevana reformaation vuotena, s. 12.<\/li><li>Riitta Karjalainen kirjoittaa liikunnan merkityksest\u00e4, s. 13.<\/li><li>Aulis Katajam\u00e4ki muistelee Halisissa aikoinaan tapahtuneita py\u00f6rien \u201dluvattomia k\u00e4ytt\u00f6j\u00e4\u201d, s. 14.<\/li><li>Esitell\u00e4\u00e4n Kuralan Kyl\u00e4m\u00e4en syyskauden toimintaohjelma, s. 14.<\/li><li>Pentti Huovinen kertoo blogissaan siit\u00e4, miten bakteerit voivat s\u00e4ilytt\u00e4\u00e4 elinvoimansa vuosisatoja, jos vain olosuhteet ovat niille sopivat, ja mit\u00e4 uhkia siit\u00e4 voi seurata, s. 15.<\/li><li>Antti ja Eva Laaksovirta esittelev\u00e4t Pekka Pav\u00e8nin ja h\u00e4nen uuden kirjansa&nbsp;<em>Muuttuva kotikyl\u00e4ni K\u00e4rs\u00e4m\u00e4ki<\/em>, s. 16.<\/li><\/ol>\n\n\n\n<p>KoroiSet 3\/2016 on luettavissa pdf -muodossa <a rel=\"noreferrer noopener\" aria-label=\"t\u00e4st\u00e4 (avautuu uudessa v\u00e4lilehdess\u00e4)\" href=\"http:\/\/www.koroinen.fi\/lehdet\/KoroiSet_2016_03.pdf\" target=\"_blank\">t\u00e4st\u00e4<\/a><\/p>\n\n\n<div class=\"wp-block-image\">\n<figure class=\"aligncenter size-large\"><img loading=\"lazy\" decoding=\"async\" width=\"847\" height=\"1024\" src=\"http:\/\/www.koroinen.fi\/artikkelit\/wp-content\/uploads\/2020\/07\/KoroiSet_2016_04-847x1024.jpeg\" alt=\"\" class=\"wp-image-1563\" srcset=\"https:\/\/www.koroinen.fi\/artikkelit\/wp-content\/uploads\/2020\/07\/KoroiSet_2016_04-847x1024.jpeg 847w, https:\/\/www.koroinen.fi\/artikkelit\/wp-content\/uploads\/2020\/07\/KoroiSet_2016_04-248x300.jpeg 248w, https:\/\/www.koroinen.fi\/artikkelit\/wp-content\/uploads\/2020\/07\/KoroiSet_2016_04-768x928.jpeg 768w, https:\/\/www.koroinen.fi\/artikkelit\/wp-content\/uploads\/2020\/07\/KoroiSet_2016_04.jpeg 1072w\" sizes=\"auto, (max-width: 847px) 100vw, 847px\" \/><\/figure>\n<\/div>\n\n\n<h2 class=\"wp-block-heading\">KoroiSet 4\/2016 sis\u00e4lt\u00f6<\/h2>\n\n\n\n<ol class=\"wp-block-list\"><li>P\u00e4\u00e4kirjoituksessa Tapio Jokinen selvitt\u00e4\u00e4 uuden suuren polttolaitoshankkeen kaatumista ja niit\u00e4 perusteluja, joihin Vaasan hallinto-oikeusp\u00e4\u00e4t\u00f6ksens\u00e4 p\u00e4\u00e4t\u00f6ksess\u00e4\u00e4n nojasi, s. 2.<\/li><li>Johannes Koroma kertoo tervehdyspuheenvuorossaan muistikuvistaan omista varhaiskokemuksistaan, is\u00e4st\u00e4\u00e4n, taiteilijasta ja professori Kaarlo Koromasta sek\u00e4 sukunsa vankoista juurista vuosisatojen takaa Halisissa, Koroisissa ja Turussa yleens\u00e4, s. 2.<\/li><li>Tytti Issakainen kertoo ja haastattelee ikonitaiteilija Leena T\u00f6rm\u00e4\u00e4 h\u00e4nen ikonin\u00e4yttelyst\u00e4\u00e4n Maarian pappilan leivintuvassa, s. 3.<\/li><li>Vanhusten asumispalvelujen p\u00e4\u00e4llikk\u00f6 Riitta Karjalainen kertoo siit\u00e4, miten iso muutos vanhukselle on, kun h\u00e4n viett\u00e4\u00e4 ensimm\u00e4isen joulun vanhainkodissa, s. 4.<\/li><li>Sinikka Paulin Aurajokis\u00e4\u00e4ti\u00f6st\u00e4 kertoo Halisten kosken rannalla olevan Myll\u00e4rintalon historiasta ja sen toiminnasta, s. 5.<\/li><li>Laura Tikkanen kertoo kristillisess\u00e4 opistossa opiskelevien maahanmuuttajien talkoot\u00f6ist\u00e4 R\u00e4nt\u00e4m\u00e4en asuntoalueen viihtyv\u00e4isyyden lis\u00e4\u00e4miseksi, s. 5.<\/li><li>Jussi Nurmi kertoo ja haastattelee toimitusjohtajaa Jaakko Virtasta Virte Solar aurinkos\u00e4hk\u00f6peltikattoj\u00e4rjestelm\u00e4st\u00e4 ja sen tuotannosta, s. 6.<\/li><li>Timo Leinonen haastattelee vuoden 2016 HaliSakkaa Henna Lainetta ja HaliSukkoa Tommi Rantia, s. 7.<\/li><li>Pertti Pussinen esittelee Maarian pappilan tiloissa olevat \u201djoulun\u00e4yttelyt\u201d; jouluseimi ja ikonin\u00e4yttely, s. 8.<\/li><li>Pertti Pussinen esittelee Maarian seurakunnan reformaatiovuoden tapahtumat kev\u00e4tkaudella 2017, s. 8.<\/li><li>Timo Leinonen kirjoittaa reformaation ajan maailman tilasta Agricolan el\u00e4m\u00e4nty\u00f6n n\u00e4k\u00f6kulmasta, osa 1, s. 9.<\/li><li>Tytti Issakainen kirjoittaa ruoanjakopisteist\u00e4 Maarian seurakunnan alueella, s. 10.<\/li><li>Heidi Pyh\u00e4lahti kirjoittaa Halisissa pian avattavasta nuorisoasemasta, s. 11.<\/li><li>Arno Kasvi kertoo h\u00e4nelle tutusta paikasta; Madeirasta, sen palmupuista ja niihin kohdistuvista uhista, s. 12.<\/li><li>P\u00e4ivi Eskola kertoo el\u00e4m\u00e4st\u00e4 Kalifornian Piilaaksosta. s. 13.<\/li><li>Aulis Katajam\u00e4ki pohtii joulun merkityst\u00e4 ihmiselle, kysyen; Ent\u00e4 jos joulua ei viett\u00e4isik\u00e4\u00e4n, milt\u00e4 maailma silloin tuntuisi? s. 14.<\/li><li>Pentti Huovinen kertoo blogissaan tutustumansa artikkelin pohjalta siit\u00e4, milt\u00e4 sairaalat n\u00e4yttiv\u00e4t, ja miten potilaat oli j\u00e4rjestetty osastoilla, ja miten suuren muutoksen antibiootit saivat aikaan, kun suuri osa potilaista voitiin hoitaa avohoidossa, s. 14.<\/li><li>Tytti Issakainen haastattelee kuvataiteilija Eija T\u00e4hk\u00e4p\u00e4\u00e4t\u00e4 h\u00e4nen n\u00e4yttelyst\u00e4\u00e4n Nautelan kosken museoon, s. 16.<\/li><\/ol>\n\n\n\n<p>KoroiSet 4\/2016 on luettavissa pdf -muodossa <a href=\"http:\/\/www.koroinen.fi\/lehdet\/KoroiSet_2016_04.pdf\" target=\"_blank\" rel=\"noreferrer noopener\" aria-label=\"t (avautuu uudessa v\u00e4lilehdess\u00e4)\">t<\/a><a href=\"http:\/\/www.koroinen.fi\/lehdet\/KoroiSet_2016_04.pdf\" target=\"_blank\" rel=\"noreferrer noopener\" aria-label=\"\u00e4st\u00e4 (avautuu uudessa v\u00e4lilehdess\u00e4)\">\u00e4st\u00e4<\/a><\/p>\n","protected":false},"excerpt":{"rendered":"<p>KoroiSet 1\/2016 sis\u00e4lt\u00f6<\/p>\n","protected":false},"author":1,"featured_media":2457,"comment_status":"closed","ping_status":"closed","sticky":false,"template":"","format":"standard","meta":{"footnotes":""},"categories":[13,41,37,1],"tags":[74,34,27],"class_list":["post-1566","post","type-post","status-publish","format-standard","has-post-thumbnail","hentry","category-historia","category-koroiset","category-kotiseutuyhdistys-halinen-rantamaki-ry","category-yleinen","tag-74","tag-koroiset","tag-kotiseututyo"],"_links":{"self":[{"href":"https:\/\/www.koroinen.fi\/artikkelit\/wp-json\/wp\/v2\/posts\/1566","targetHints":{"allow":["GET"]}}],"collection":[{"href":"https:\/\/www.koroinen.fi\/artikkelit\/wp-json\/wp\/v2\/posts"}],"about":[{"href":"https:\/\/www.koroinen.fi\/artikkelit\/wp-json\/wp\/v2\/types\/post"}],"author":[{"embeddable":true,"href":"https:\/\/www.koroinen.fi\/artikkelit\/wp-json\/wp\/v2\/users\/1"}],"replies":[{"embeddable":true,"href":"https:\/\/www.koroinen.fi\/artikkelit\/wp-json\/wp\/v2\/comments?post=1566"}],"version-history":[{"count":21,"href":"https:\/\/www.koroinen.fi\/artikkelit\/wp-json\/wp\/v2\/posts\/1566\/revisions"}],"predecessor-version":[{"id":2463,"href":"https:\/\/www.koroinen.fi\/artikkelit\/wp-json\/wp\/v2\/posts\/1566\/revisions\/2463"}],"wp:featuredmedia":[{"embeddable":true,"href":"https:\/\/www.koroinen.fi\/artikkelit\/wp-json\/wp\/v2\/media\/2457"}],"wp:attachment":[{"href":"https:\/\/www.koroinen.fi\/artikkelit\/wp-json\/wp\/v2\/media?parent=1566"}],"wp:term":[{"taxonomy":"category","embeddable":true,"href":"https:\/\/www.koroinen.fi\/artikkelit\/wp-json\/wp\/v2\/categories?post=1566"},{"taxonomy":"post_tag","embeddable":true,"href":"https:\/\/www.koroinen.fi\/artikkelit\/wp-json\/wp\/v2\/tags?post=1566"}],"curies":[{"name":"wp","href":"https:\/\/api.w.org\/{rel}","templated":true}]}}