{"id":1542,"date":"2020-07-02T17:54:45","date_gmt":"2020-07-02T14:54:45","guid":{"rendered":"http:\/\/www.koroinen.fi\/artikkelit\/?p=1542"},"modified":"2023-03-08T16:22:24","modified_gmt":"2023-03-08T14:22:24","slug":"vuoden-2015-koroiset-lehdet","status":"publish","type":"post","link":"https:\/\/www.koroinen.fi\/artikkelit\/vuoden-2015-koroiset-lehdet\/","title":{"rendered":"Vuoden 2015 KoroiSet -lehdet"},"content":{"rendered":"\n<figure class=\"wp-block-image size-large\"><img loading=\"lazy\" decoding=\"async\" width=\"843\" height=\"1024\" src=\"http:\/\/www.koroinen.fi\/artikkelit\/wp-content\/uploads\/2020\/06\/KoroiSet_2015_01-843x1024.jpeg\" alt=\"\" class=\"wp-image-1537\" srcset=\"https:\/\/www.koroinen.fi\/artikkelit\/wp-content\/uploads\/2020\/06\/KoroiSet_2015_01-843x1024.jpeg 843w, https:\/\/www.koroinen.fi\/artikkelit\/wp-content\/uploads\/2020\/06\/KoroiSet_2015_01-247x300.jpeg 247w, https:\/\/www.koroinen.fi\/artikkelit\/wp-content\/uploads\/2020\/06\/KoroiSet_2015_01-768x932.jpeg 768w, https:\/\/www.koroinen.fi\/artikkelit\/wp-content\/uploads\/2020\/06\/KoroiSet_2015_01.jpeg 1074w\" sizes=\"auto, (max-width: 843px) 100vw, 843px\" \/><\/figure>\n\n\n\n<h2 class=\"wp-block-heading\">KoroiSet 1\/2015 sis\u00e4lt\u00f6<\/h2>\n\n\n\n<!--more-->\n\n\n\n<ol class=\"wp-block-list\"><li>P\u00e4\u00e4kirjoituksessa Tapio Jokinen selostaa Turun kaupungin Kiinteist\u00f6laitoksen esitt\u00e4m\u00e4n suunnitelmaa Orikedon j\u00e4tteenpolttolaitoksen purkamisesta. s. 2.<\/li><li>Turun kristillisen opiston rehtori Tapani Rantala kertoo tervehdyspuheenvuorossaan opiston rakennusten korjausurakan valmistumisesta, opiston juhlavuodesta opiston viett\u00e4ess\u00e4 perustamisensa 90-vuotisjuhlaa, opiston toiminnasta ja uskonnollisesta taustayhteis\u00f6st\u00e4, s. 2.<\/li><li>Esitell\u00e4\u00e4n Yrj\u00f6 Jylh\u00e4n Kiirastuli -runoesitys Yli-Maarian seurakuntatalolla 15.3.2015. Esitys tapahtuu Talvisodan p\u00e4\u00e4ttymisest\u00e4 tullessa 75 vuotta.&nbsp;<\/li><li>Jussi Nurmi haastattelee Orikedon Kotipesulan uutta omistajaa Rami Sepp\u00e4l\u00e4\u00e4, s. 3.<\/li><li>Saara Markkula kertoo El\u00e4inten joulurauhajulistuksesta Halisten Virnam\u00e4ell\u00e4, s. 4.<\/li><li>Aurajokis\u00e4\u00e4ti\u00f6n toiminnanjohtaja Sinikka Paulin kertoo Halisten kosken rannalla olevasta Myll\u00e4rin talosta, sen historiasta ja toimintamuodoista, s. 5.<\/li><li>Pertti Pussinen kertoo Maarian hautausmaasta ja sen kappalista. Hautausmaasta on k\u00e4ytetty my\u00f6s nimityst\u00e4 Maarian Keskinen hautausmaa, s. 6.&nbsp;<\/li><li>Riitta Karjalainen esittelee vapaaehtoistoimintaa erityisesti Martta-j\u00e4rjest\u00f6n n\u00e4k\u00f6kulmasta, s. 7.<\/li><li>Timo Leinonen kirjoittaa A. M. Tallgr\u00e9nin el\u00e4m\u00e4st\u00e4 ja el\u00e4m\u00e4nty\u00f6st\u00e4, osa 2, s. 8 \u2013 9.<\/li><li>Aino von Boehm Mets\u00e4hallituksen luontopalveluista kertoo Koroisten niemest\u00e4 aluetta nykyisin hallinnoivan Mets\u00e4hallituksen n\u00e4k\u00f6kulmasta, s. 10.<\/li><li>P\u00e4ivi Eskola kertoo Myllyojan tulevista tapahtumista, s. 10.<\/li><li>Toni Ekroos Turun kaupungin vapaa-aikatoimialasta kertoo EVIVa -ohjelman puitteissa kehitetyist\u00e4 kaupunginosien yhteistoiminamalleista, s. 11.<\/li><li>Laura Tikkanen kertoo Turun kristillisen opiston lastenohjaajaopiskelijoiden n\u00e4ytelm\u00e4hankkeista, s. 12.<\/li><li>Arne Kasvi kertoo puutarhan koristelutavoista, s. 13.&nbsp;<\/li><li>Aulis Katajam\u00e4ki muistelee parturissa k\u00e4yntej\u00e4\u00e4n, s. 14.<\/li><li>Pentti Huovinen kirjoittaa blogissaan s\u00e4\u00e4nn\u00f6llisen ja kohtuullisen kuntoilun t\u00e4rkeydest\u00e4, s. 14.<\/li><li>Sirkka T\u00e4hti-Rantanen kirjoittaa kirjoittamastaan kirjasta&nbsp;<em>K\u00e4rs\u00e4m\u00e4est\u00e4 maailman turuille. Kertomuksia Raili Malmin el\u00e4m\u00e4st\u00e4<\/em>. Kirja kertoo kampaamoalan yritt\u00e4j\u00e4st\u00e4, jonka toisena aviomiehen\u00e4 oli Voitto Hellsten, s. 16.<\/li><\/ol>\n\n\n\n<p>KoroiSet 1\/2015 on luettavissa pdf -muodossa <a rel=\"noreferrer noopener\" aria-label=\"t\u00e4st\u00e4  (avautuu uudessa v\u00e4lilehdess\u00e4)\" href=\"http:\/\/www.koroinen.fi\/lehdet\/KoroiSet_2015_01.pdf\" target=\"_blank\">t\u00e4st\u00e4 <\/a> <\/p>\n\n\n<div class=\"wp-block-image\">\n<figure class=\"aligncenter size-large\"><img loading=\"lazy\" decoding=\"async\" width=\"843\" height=\"1024\" src=\"http:\/\/www.koroinen.fi\/artikkelit\/wp-content\/uploads\/2020\/06\/KoroiSet_2015_02-843x1024.jpeg\" alt=\"\" class=\"wp-image-1538\" srcset=\"https:\/\/www.koroinen.fi\/artikkelit\/wp-content\/uploads\/2020\/06\/KoroiSet_2015_02-843x1024.jpeg 843w, https:\/\/www.koroinen.fi\/artikkelit\/wp-content\/uploads\/2020\/06\/KoroiSet_2015_02-247x300.jpeg 247w, https:\/\/www.koroinen.fi\/artikkelit\/wp-content\/uploads\/2020\/06\/KoroiSet_2015_02-768x933.jpeg 768w, https:\/\/www.koroinen.fi\/artikkelit\/wp-content\/uploads\/2020\/06\/KoroiSet_2015_02.jpeg 1069w\" sizes=\"auto, (max-width: 843px) 100vw, 843px\" \/><\/figure>\n<\/div>\n\n\n<h2 class=\"wp-block-heading\">KoroiSet 2\/2015 sis\u00e4lt\u00f6<\/h2>\n\n\n\n<ol class=\"wp-block-list\"><li>P\u00e4\u00e4kirjoituksessa Tapio Jokinen kertoo eduskuntavaaleista ja siin\u00e4 kokemuksistaan vammaisj\u00e4rjest\u00f6jen varainkeruusta vaalihuoneistoissa ja paikallisista vaalituloksista, s. 2.<\/li><li>Turun kaupungin hallituksen puheenjohtaja Lasse Lindholm kirjoittaa tervehdyspuheenvuorossaan maiseman merkityksest\u00e4 ja Aurajokilaaksoon kulttuurimaisemaa koskevista muutossuunnitelmista, s. 2.<\/li><li>Jussi Nurmi haastattelee R\u00e4nt\u00e4m\u00e4ess\u00e4 asuvaa entist\u00e4 huippujalkapalloilija Ville Lehtosta, s. 3.<\/li><li>Timo Leinonen kirjoittaa A. M. Tallgr\u00e9n symposiumin osa I:n sis\u00e4ll\u00f6st\u00e4 21.3.2015 Turun kristillisell\u00e4 opistolla, s. 4.<\/li><li>Sirkka Mylly esittelee A. M. Tallgr\u00e9n symposiumin osa II:n Kaarinassa 29.8.2015, s. 5.<\/li><li>Saara Markkula esittelee Koroisten alueen lipun suunnittelukilpailun tulokset, s. 6.<\/li><li>Pirjo Ranti esittelee 21.5.2015 pidett\u00e4v\u00e4ksi suunnitellut HaliSillan, s. 7.<\/li><li>Timo Leinonen kirjoittaa Turun kaupungin s\u00e4hk\u00f6huollon historiasta, osa 1, s. 8 \u2013 9.<\/li><li>turun kaupungin liikuntavastaava Satu Revonsuo esittelee kaupungin alueella olevat Paavonpolut, eli maastoon merkittyjen polkujen j\u00e4rjestelm\u00e4, s. 10.<\/li><li>Tutkija Henna Yl\u00e4nen Kuralan kyl\u00e4m\u00e4en museosta esittelee Kuralan Kyl\u00e4m\u00e4keen avatun uuden yhteisen k\u00e4ytt\u00f6\u00f6n tarkoitetun toimitilan Vanhan Kanalan, s. 10.<\/li><li>Toni Ekroos Kaupungin vapaa-aikatoimialasta kertoo Halisten nuorisotila -hankkeen etenemisest\u00e4, s. 11.<\/li><li>Riitta Karjalainen kirjoittaa nuorten hyvinvoinnista ja siihen vaikuttavista asioista, erityisesti osallistumismahdollisuudesta, s. 12.<\/li><li>Projektip\u00e4\u00e4llikk\u00f6 Pekka Anttila kirjoittaa Leaf Centeriss\u00e4 toimivasta kierr\u00e4tystavarakaupasta ja kierr\u00e4tyspy\u00f6r\u00e4verstaasta, s. 12.<\/li><li>Timo Leinonen haastattelee VASO Oy:n toimitusjohtajaa Pekka Peltom\u00e4ke\u00e4, s. 13.<\/li><li>Aulis Katajam\u00e4ki muistelee kahvin juontitapojen muuttumista ja sit\u00e4, miten h\u00e4n Lapissa retkeilless\u00e4 l\u00f6ysin vett\u00e4 pajupensaiden ohjaamana, s. 14.<\/li><li>Pentti Huovinen kertoo blogissaan kulttuuriharrastuksen hyvinvointia lis\u00e4\u00e4v\u00e4st\u00e4 vaikutuksesta, s. 14.<\/li><li>Arne Kasvi kertoo junamatkastaan Oulusta Turkuun ja siit\u00e4, mit\u00e4 yll\u00e4tt\u00e4v\u00e4\u00e4 h\u00e4n n\u00e4ki junan ikkunasta; teerej\u00e4 soittimella! s. 15.&nbsp;<\/li><li>Laura Tikkanen kertoo tekstein ja kuvin kristillisen opiston maahanmuuttajaopiskelijoiden talkoourakasta R\u00e4nt\u00e4m\u00e4est\u00e4, s. 16.<\/li><\/ol>\n\n\n\n<p>KoroiSet 2\/2015 on luettavissa pdf -muodossa <a rel=\"noreferrer noopener\" aria-label=\"t\u00e4st\u00e4   (avautuu uudessa v\u00e4lilehdess\u00e4)\" href=\"http:\/\/www.koroinen.fi\/lehdet\/KoroiSet_2015_02.pdf\" target=\"_blank\">t\u00e4st\u00e4  <\/a><\/p>\n\n\n<div class=\"wp-block-image\">\n<figure class=\"aligncenter size-large\"><img loading=\"lazy\" decoding=\"async\" width=\"845\" height=\"1024\" src=\"http:\/\/www.koroinen.fi\/artikkelit\/wp-content\/uploads\/2020\/06\/KoroiSet_2015_03-845x1024.jpeg\" alt=\"\" class=\"wp-image-1539\" srcset=\"https:\/\/www.koroinen.fi\/artikkelit\/wp-content\/uploads\/2020\/06\/KoroiSet_2015_03-845x1024.jpeg 845w, https:\/\/www.koroinen.fi\/artikkelit\/wp-content\/uploads\/2020\/06\/KoroiSet_2015_03-247x300.jpeg 247w, https:\/\/www.koroinen.fi\/artikkelit\/wp-content\/uploads\/2020\/06\/KoroiSet_2015_03-768x931.jpeg 768w, https:\/\/www.koroinen.fi\/artikkelit\/wp-content\/uploads\/2020\/06\/KoroiSet_2015_03.jpeg 1073w\" sizes=\"auto, (max-width: 845px) 100vw, 845px\" \/><\/figure>\n<\/div>\n\n\n<h2 class=\"wp-block-heading\">KoroiSet 3\/2015 sis\u00e4lt\u00f6<\/h2>\n\n\n\n<ol class=\"wp-block-list\"><li>P\u00e4\u00e4kirjoituksessa Tapio Jokinen kertoo alueen kes\u00e4kauden tapahtumista kaupunginosaviikkoineen korostaen erityisesti Orikedon j\u00e4tepolttolaitoksen piipun kaatumista ja sen merkityst\u00e4 alueen kiinteist\u00f6jen arvolle, s. 2.<\/li><li>Varsin Hyv\u00e4 ry:n toiminnanjohtaja Pia Poikonen selostaa tervehdyspuheenvuorossaan leader-toiminnan tavoitteita ja toimintaperiaatteita, s. 2.<\/li><li>Liisa Ruonti kertoo Turkuseuran opastetusta k\u00e4velyretkest\u00e4 Halisten koskelle, s. 2.<\/li><li>Tuula Manner kertoo Raunistelan apteekista haastatellen apteekin apteekkaria Raija Saarenp\u00e4\u00e4t\u00e4, s. 3.<\/li><li>Annamari Tulla kirjoittaa Tommi Rantin luomasta ymp\u00e4rist\u00f6- ja tilateoksesta Valkkimyllykadun varrella Halisten kosken rantamilla, s. 3.<\/li><li>P\u00e4ivi Eskola kertoo kuvin ja kirjoituksin Maarian kaupunginosaviikosta, s. 4.<\/li><li>Kes\u00e4n muista tapahtumista kerrotaan kirjoituksin ja kuvin, s. 4-7.<\/li><li>Jussi Nurmi kertoo Tutun Orionista haastatteluin ja kuvin, s. 8 \u2013 9.<\/li><li>Riitta Karjalainen kirjoittaa vanhuspalveluista ja siit\u00e4, ett\u00e4 vanhuspalveluun liittyv\u00e4 M\u00e4ntym\u00e4ki on muuttanut R\u00e4nt\u00e4m\u00e4keen Niuskalantien Riihivainioon, s. 10.<\/li><li>Soili R\u00e4s\u00e4nen kirjoittaa monikulttuurista vapaaehtoistoimintaan pohjautuvasta Olo-kerhotoiminnasta Halisissa, s. 10.<\/li><li>Virva Suvitie ja Katarina Kaipiainen Turun kaupunginkirjastosta kertovat kirjaston palveluista vanhusv\u00e4est\u00f6lle, s. 11.<\/li><li>Pertti Pussinen ihmettelee Maarian pappilan l\u00e4hist\u00f6ll\u00e4 olevan Tallgrenin puistikon huonoa hoitoa, s. 12.<\/li><li>S\u00e4velt\u00e4j\u00e4 ja teologian opiskelija Niilo Rantala kertoo Maarian pappilan puutarhan historiasta js runollisesta kauneudesta, s. 12.<\/li><li>Arno Kasvi esitt\u00e4\u00e4 runonsa, jossa valkoposkihanhet kiitt\u00e4v\u00e4t saavansa runsaasta kasvistarjoilusta Ruissalon rantamilla, s. 13.<\/li><li>Aulis Katajam\u00e4ki muistelee menneit\u00e4 syksyn tuloja kuhiloineen ja kynttil\u00f6ineen, s. 14.<\/li><li>Pentti Huovinen kertoo blogissaan siit\u00e4, mit\u00e4 hy\u00f6ty\u00e4 muovisista silm\u00e4laseista voi onnettomuustilanteissa olla, ja miten moniteholasit ovat havaittu vaikuttavan vanhusten kaatumisalttiuteen, s. 14.<\/li><li>Tytti Issakainen kirjoittaa A. M. Tallgr\u00e9n symposiumin toisesta osasta Kaarina-Seuran tiloissa Koriston tallilla ja&nbsp;&nbsp;Ravattulan Ristim\u00e4ess\u00e4, s. 16.<\/li><\/ol>\n\n\n\n<p>KoroiSet 3\/2015 on luettavissa pdf -muodossa <a rel=\"noreferrer noopener\" aria-label=\"t (avautuu uudessa v\u00e4lilehdess\u00e4)\" href=\"http:\/\/www.koroinen.fi\/lehdet\/KoroiSet_2015_03.pdf\" target=\"_blank\">t\u00e4st\u00e4<\/a><\/p>\n\n\n<div class=\"wp-block-image\">\n<figure class=\"aligncenter size-large\"><img loading=\"lazy\" decoding=\"async\" width=\"844\" height=\"1024\" src=\"http:\/\/www.koroinen.fi\/artikkelit\/wp-content\/uploads\/2020\/06\/KoroiSet_2015_04-844x1024.jpeg\" alt=\"\" class=\"wp-image-1540\" srcset=\"https:\/\/www.koroinen.fi\/artikkelit\/wp-content\/uploads\/2020\/06\/KoroiSet_2015_04-844x1024.jpeg 844w, https:\/\/www.koroinen.fi\/artikkelit\/wp-content\/uploads\/2020\/06\/KoroiSet_2015_04-247x300.jpeg 247w, https:\/\/www.koroinen.fi\/artikkelit\/wp-content\/uploads\/2020\/06\/KoroiSet_2015_04-768x932.jpeg 768w, https:\/\/www.koroinen.fi\/artikkelit\/wp-content\/uploads\/2020\/06\/KoroiSet_2015_04.jpeg 1072w\" sizes=\"auto, (max-width: 844px) 100vw, 844px\" \/><\/figure>\n<\/div>\n\n\n<h2 class=\"wp-block-heading\">KoroiSet 4\/2015 sis\u00e4lt\u00f6<\/h2>\n\n\n\n<ol class=\"wp-block-list\"><li>P\u00e4\u00e4kirjoituksessa Tapio Jokinen kertoo j\u00e4tteiden k\u00e4sittelyn vaihtoehdoista Turun seudulla, nyt kun Orikedon j\u00e4tteenpolttolaitos on suunnitelmien mukaan onnistuneesti purettu, s. 2.<\/li><li>Esitell\u00e4\u00e4n Koroisten niemen jouluhartaus, s. 2.<\/li><li>Tuula Virtanen esittelee nuorisolle suunnattua ohjelmaa Halisissa, s. 2.<\/li><li>Maarian seurakunnan kirkkoherra Katri Rinne esitt\u00e4\u00e4 tervehdyspuheenvuorossaan hyv\u00e4n joulu toivotuksen lehden lukijoille, s. 2.<\/li><li>Jussi Nurmi haastattelee puoluetutkija Rauli Mickelssonia h\u00e4nen uuden kirjansa&nbsp;<em>Suomen puolueet &#8211; vapauden ajasta Maailman tuskaan<\/em>&nbsp;merkeiss\u00e4, s. 3.<\/li><li>Tellervo haastattelee Nummen kirjaston y\u00f6vahtia Pullervo P\u00f6ll\u00f6\u00e4, s. 4.<\/li><li>Saara Markkula kertoo el\u00e4inten joulurauhajulistuksesta Virnam\u00e4ell\u00e4 Halisissa 20.12.2015, s. 5.<\/li><li>Tytti Issakainen kirjoittaa professori Jyrki Knuutilan esitelm\u00e4st\u00e4 Mikael Agricolan aikaisesta joulumessusta. Tilaisuus pidettiin Maarian kirkon vihkimisen muistop\u00e4iv\u00e4n\u00e4 10.10.2015, s. 6.<\/li><li>Tytti Issakainen kirjoittaa jouluseimen rakentamisesta Maarian pappilan tiloihin, s. 7.<\/li><li>Timo Leinonen kirjoittaa Jaakko Haavion el\u00e4m\u00e4st\u00e4 ja runouden merkityksest\u00e4 siin\u00e4, osa 1, s. 8 \u2013 9.<\/li><li>Pertti Pussinen kertoo matkastaan Keniaan, s. 10.<\/li><li>P\u00e4ivi Eskola kertoo joulun vietosta Kaliforniassa, s. 11.<\/li><li>Timo Leinonen kirjoittaa Turun s\u00e4hk\u00f6huollon historiasta, osa 2, s. 12 \u2013 13.<\/li><li>Arno Kasvi kertoo n\u00e4rhest\u00e4, pottuharakasta, tammen terhojen levitt\u00e4j\u00e4n\u00e4, s. 13.<\/li><li>Aulis Katajam\u00e4ki muistelee menneit\u00e4 joulujen valoja, s. 14.<\/li><li>Pentti Huovinen kertoo blogissaan lasten musiikkiharrastuksen merkityksest\u00e4 kehityyville aivoille, s. 14.<\/li><li>Pirjo Ranti esittelee vuoden 2015 HaliSakan Anita Pussisen ja HaliSukon Jorma Lehtel\u00e4n, s. 16.<\/li><\/ol>\n\n\n\n<p>KoroiSet 4\/2015 on luettavissa pdf -muodossa <a href=\"http:\/\/www.koroinen.fi\/lehdet\/KoroiSet_2015_04.pdf\" target=\"_blank\" rel=\"noreferrer noopener\" aria-label=\"t (avautuu uudessa v\u00e4lilehdess\u00e4)\">t<\/a><a href=\"http:\/\/www.koroinen.fi\/lehdet\/KoroiSet_2015_04.pdf\" target=\"_blank\" rel=\"noreferrer noopener\" aria-label=\"\u00e4st\u00e4 (avautuu uudessa v\u00e4lilehdess\u00e4)\">\u00e4st\u00e4<\/a><\/p>\n","protected":false},"excerpt":{"rendered":"<p>KoroiSet 1\/2015 sis\u00e4lt\u00f6<\/p>\n","protected":false},"author":1,"featured_media":2457,"comment_status":"closed","ping_status":"closed","sticky":false,"template":"","format":"standard","meta":{"footnotes":""},"categories":[13,41,37],"tags":[75,34,27],"class_list":["post-1542","post","type-post","status-publish","format-standard","has-post-thumbnail","hentry","category-historia","category-koroiset","category-kotiseutuyhdistys-halinen-rantamaki-ry","tag-75","tag-koroiset","tag-kotiseututyo"],"_links":{"self":[{"href":"https:\/\/www.koroinen.fi\/artikkelit\/wp-json\/wp\/v2\/posts\/1542","targetHints":{"allow":["GET"]}}],"collection":[{"href":"https:\/\/www.koroinen.fi\/artikkelit\/wp-json\/wp\/v2\/posts"}],"about":[{"href":"https:\/\/www.koroinen.fi\/artikkelit\/wp-json\/wp\/v2\/types\/post"}],"author":[{"embeddable":true,"href":"https:\/\/www.koroinen.fi\/artikkelit\/wp-json\/wp\/v2\/users\/1"}],"replies":[{"embeddable":true,"href":"https:\/\/www.koroinen.fi\/artikkelit\/wp-json\/wp\/v2\/comments?post=1542"}],"version-history":[{"count":22,"href":"https:\/\/www.koroinen.fi\/artikkelit\/wp-json\/wp\/v2\/posts\/1542\/revisions"}],"predecessor-version":[{"id":2465,"href":"https:\/\/www.koroinen.fi\/artikkelit\/wp-json\/wp\/v2\/posts\/1542\/revisions\/2465"}],"wp:featuredmedia":[{"embeddable":true,"href":"https:\/\/www.koroinen.fi\/artikkelit\/wp-json\/wp\/v2\/media\/2457"}],"wp:attachment":[{"href":"https:\/\/www.koroinen.fi\/artikkelit\/wp-json\/wp\/v2\/media?parent=1542"}],"wp:term":[{"taxonomy":"category","embeddable":true,"href":"https:\/\/www.koroinen.fi\/artikkelit\/wp-json\/wp\/v2\/categories?post=1542"},{"taxonomy":"post_tag","embeddable":true,"href":"https:\/\/www.koroinen.fi\/artikkelit\/wp-json\/wp\/v2\/tags?post=1542"}],"curies":[{"name":"wp","href":"https:\/\/api.w.org\/{rel}","templated":true}]}}