{"id":1512,"date":"2020-06-30T19:08:37","date_gmt":"2020-06-30T16:08:37","guid":{"rendered":"http:\/\/www.koroinen.fi\/artikkelit\/?p=1512"},"modified":"2023-03-08T16:24:16","modified_gmt":"2023-03-08T14:24:16","slug":"vuoden-2014-koroiset-lehdet","status":"publish","type":"post","link":"https:\/\/www.koroinen.fi\/artikkelit\/vuoden-2014-koroiset-lehdet\/","title":{"rendered":"Vuoden 2014 KoroiSet -lehdet"},"content":{"rendered":"<div class=\"wp-block-image\">\n<figure class=\"aligncenter size-large\"><img loading=\"lazy\" decoding=\"async\" width=\"722\" height=\"1024\" src=\"http:\/\/www.koroinen.fi\/artikkelit\/wp-content\/uploads\/2020\/06\/KoroiSet_2014_01-722x1024.jpeg\" alt=\"\" class=\"wp-image-1508\" srcset=\"https:\/\/www.koroinen.fi\/artikkelit\/wp-content\/uploads\/2020\/06\/KoroiSet_2014_01-722x1024.jpeg 722w, https:\/\/www.koroinen.fi\/artikkelit\/wp-content\/uploads\/2020\/06\/KoroiSet_2014_01-211x300.jpeg 211w, https:\/\/www.koroinen.fi\/artikkelit\/wp-content\/uploads\/2020\/06\/KoroiSet_2014_01-768x1089.jpeg 768w, https:\/\/www.koroinen.fi\/artikkelit\/wp-content\/uploads\/2020\/06\/KoroiSet_2014_01.jpeg 1044w\" sizes=\"auto, (max-width: 722px) 100vw, 722px\" \/><\/figure>\n<\/div>\n\n\n<h2 class=\"wp-block-heading\">KoroiSet 1\/2014 sis\u00e4lt\u00f6<\/h2>\n\n\n\n<!--more-->\n\n\n\n<ol class=\"wp-block-list\"><li>P\u00e4\u00e4kirjoituksessa Tapio Jokinen selvitt\u00e4\u00e4 j\u00e4tteenpolttolaitoksen tilannetta oikeuden p\u00e4\u00e4t\u00f6sten j\u00e4lkeen, s. 2.&nbsp;<\/li><li>Yhteisvastuuker\u00e4yksen tervehdys lehden lukijoille, s. 2.<\/li><li>Nummenpakan koulun vanhempainyhdistys esitt\u00e4ytyy, s. 2.<\/li><li>Mirja-Riitta Salo kertoo kokemuksistaan vanhempien ja lasten yhteisest\u00e4 koulup\u00e4iv\u00e4st\u00e4 Halisten koulussa 1.2.2014, s. 3.<\/li><li>Asta Kinghorn kertoo kokemuksistaan lastenkerhosta&nbsp;<em>Halisten hauskuudet<\/em>, s. 3.<\/li><li>Mirja-Riitta Salo kirjoittaa Koroisten s\u00e4hk\u00f6aseman historiasta ja arkkitehtuurista, s. 4 \u2013 5.<\/li><li>Riitta Karjalainen kirjoittaa nuorten sosiaalisen median luku- ja k\u00e4ytt\u00f6taidosta, tekij\u00e4n oikeuksista ja aikuisten roolista, s. 6.<\/li><li>Timo Leinonen kertoo Ravattulan kirkkol\u00f6yd\u00f6st\u00e4 ja&nbsp;<em>A. M. Tallgren symposiumista<\/em>&nbsp;2015, s. 6.<\/li><li>P\u00e4ivi Eskola kertoo Maarian alueen tulevista, s. 7.<\/li><li>Johanna Lampinen haastattelee&nbsp;<em>Kaponieeri<\/em>-historiablogia pit\u00e4v\u00e4\u00e4 tutkijaa Kari Hintsalaa, s. 7.<\/li><li>Timo Leinonen kirjoittaa Turun vallankumouksesta 1918 ja sen johtajista, osa 2, s. 8 \u2013 9.<\/li><li>Mirja-Riitta Salo esittelee Nummenm\u00e4en apteekin historiaa, toimintaa ja henkil\u00f6kuntaa, s. 10.<\/li><li>Timo Leinonen esittelee&nbsp;<em>TVT Asunnot Oy<\/em>:n toimintaa ja asukasvalintaa, s. 11.<\/li><li>Hanna Jagt esittelee partiotoimintaa Maariassa, s. 12.<\/li><li>Outi Tuomela esittelee Koroisten Permakulttuurikeskuksen toimintaa kev\u00e4\u00e4ll\u00e4 2014, s. 12.<\/li><li>Arno Kasvi kertoo n\u00e4kemyksi\u00e4\u00e4n pihojen kasvivalinnoista, s. 13.<\/li><li>Pentti Huovinen kirjoittaa blogissaan unentarpeesta ja her\u00e4\u00e4misaikojen merkityksest\u00e4, s. 14.<\/li><li>Turun Energia Oy:n n hallituksen puheenjohtaja Jarmo Rosenl\u00f6f esitt\u00e4\u00e4 kirjoituksessaan perusteluja Orikedon polttolaitoksen toiminnan jatkoluvalle, s. 14.<\/li><li>Asta Kinghorn kirjoittaa maailmankatsomuksellisten keskustelujen merkityksest\u00e4, s. 15.<\/li><li>Aulis Katajam\u00e4ki muistelee hiihtoretke\u00e4\u00e4n Lapissa ja sit\u00e4, miten h\u00e4n retkell\u00e4\u00e4n vajosi l\u00e4pi hangen j\u00e4rvenpohjaan kainaloihin saakka, s. 15.<\/li><\/ol>\n\n\n\n<p>KoroiSet 1\/2014 on luettavissa pdf -muodossa <a rel=\"noreferrer noopener\" href=\"http:\/\/www.koroinen.fi\/lehdet\/KoroiSet_2014_01.pdf\" target=\"_blank\">t\u00e4st\u00e4<\/a>  <\/p>\n\n\n<div class=\"wp-block-image\">\n<figure class=\"aligncenter size-large\"><img loading=\"lazy\" decoding=\"async\" width=\"713\" height=\"1024\" src=\"http:\/\/www.koroinen.fi\/artikkelit\/wp-content\/uploads\/2020\/06\/KoroiSet_2014_02-713x1024.jpeg\" alt=\"\" class=\"wp-image-1509\" srcset=\"https:\/\/www.koroinen.fi\/artikkelit\/wp-content\/uploads\/2020\/06\/KoroiSet_2014_02-713x1024.jpeg 713w, https:\/\/www.koroinen.fi\/artikkelit\/wp-content\/uploads\/2020\/06\/KoroiSet_2014_02-209x300.jpeg 209w, https:\/\/www.koroinen.fi\/artikkelit\/wp-content\/uploads\/2020\/06\/KoroiSet_2014_02-768x1103.jpeg 768w, https:\/\/www.koroinen.fi\/artikkelit\/wp-content\/uploads\/2020\/06\/KoroiSet_2014_02.jpeg 1032w\" sizes=\"auto, (max-width: 713px) 100vw, 713px\" \/><\/figure>\n<\/div>\n\n\n<h2 class=\"wp-block-heading\">KoroiSet 2\/2014 sis\u00e4lt\u00f6<\/h2>\n\n\n\n<ol class=\"wp-block-list\"><li>P\u00e4\u00e4kirjoituksessa Tapio Jokinen selvitt\u00e4\u00e4 Turun kaupungin strategiaansa liitt\u00e4m\u00e4n osallisuus -k\u00e4sitteen merkityst\u00e4 kolmannen sektorin, eli yhdistysten ja j\u00e4rjest\u00f6jen n\u00e4k\u00f6kulmasta, s. 2.<\/li><li>Kulttuurihistorian professori Hannu Salmi selvitt\u00e4\u00e4 tervehdyskirjoituksessaan Suvivirren historiaa ja sen muuttuvaa sanomaa, s. 2<\/li><li>Turun kaupungin liikuntavastaava Satu Revonsuo esittelee syksyll\u00e4 2013 kunnostetun Kuuvuoren kent\u00e4n k\u00e4ytt\u00f6mahdollisuuksia, s. 2.<\/li><li>Turun Energia Oy:n toimitusjohtaja Risto Vaittinen ja ymp\u00e4rist\u00f6- ja laatup\u00e4\u00e4llikk\u00f6 Minna Niemel\u00e4 esittelev\u00e4t yhti\u00f6n toimintaa ja tuotantolukuja ja tavoitteita, s. 3.<\/li><li>Riitta Karjalainen k\u00e4sittelee palstallaan koulumaailmaan kuuluvaa oppilashuoltoa ja koulurauha-asioita valmisteilla olevan lakimuutoksen pohjalta, s. 4.<\/li><li>Pastori ja merikapteeni Mikko Laur\u00e9n selvitt\u00e4\u00e4 Maarian kirkon historiaa arkeologisten l\u00f6yd\u00f6sten merenkulkijan kokemustensa pohjalta, s. 4.<\/li><li>Arkeologi Juha Ruohonen esittelee arkeologiset tutkimustuloksen Ravattulasta Ristim\u00e4en kirkkol\u00f6yd\u00f6ksen l\u00e4hist\u00f6ll\u00e4, s. 5.<\/li><li>Kansanedustaja Anne-Mari Virolainen kirjoittaa sosiaali- ja terveyspalveluiden uudistusprosessista ja kuntaliitoksista, s. 6.<\/li><li>Asta Kinghorn kehottaa kirjoituksellaan yhteis\u00f6llisyyteen ja erityisesti huolehtimaan n\u00e4in lapsista, s. 6.<\/li><li>Pertti Pussinen kertoo kes\u00e4ll\u00e4 14.6.2014 j\u00e4rjestett\u00e4v\u00e4st\u00e4 katolisesta piispan messusta Koroisten niemell\u00e4, s. 7.<\/li><li>Timo Leinonen selvitt\u00e4\u00e4 kirjoituksessaan 22.3.2014 pidetyn W\u00e4in\u00f6 Aaltonen symposiumin sis\u00e4lt\u00f6\u00e4, s. 8.<\/li><li>Johanna Lampinen esittelee Koroisten kyl\u00e4ss\u00e4 avatun py\u00f6r\u00e4kirpiksen ja sen toimintaperiaatteet, s. 9.<\/li><li>Pirjo Ranti esittelee valmistella olevan Hoivakodin Riihivainion Niuskalankadulla, s. 10.<\/li><li>Jussi Nurmi esittelee Virte-Metalli Oy:n haastattelemalla yhti\u00f6n toimitusjohtajaa Jaakko Virtasta.&nbsp;<\/li><li>Pentti Huovinen kertoo blogissaan pojasta, jolla ei ollut kehossaan immuunij\u00e4rjestelm\u00e4\u00e4. H\u00e4net eristettiin muista ihmisist\u00e4 omaan kuplaansa, jossa h\u00e4n eli 13 vuotta. Kun h\u00e4net jouduttiin poistamaan kuplasta sairastumisensa takia, h\u00e4n kuoli, s. 11.<\/li><li>Aulis Katajam\u00e4ki muistelee sota-aikaisia sankarihautajaisia Maarian kirkon hautausmaalla, s. 11.<\/li><li>Arno Kasvi ohjeistaa kes\u00e4ist\u00e4 puutarhan hoitoa, s. 12.<\/li><li>Johanna Lampinen haastattelee Haliskyl\u00e4n opiskelija-asuntojen remontista Turun ylioppilaskyl\u00e4n kiinteist\u00f6johtajaa Ismo Aaltosta, s. 13.<\/li><li>Sinikka Paulin Aurajokis\u00e4\u00e4ti\u00f6st\u00e4 esittelee Halisten koskialueen kes\u00e4iset vierailukohteet ja tapahtumat, s. 14.<\/li><li>Timo Leinonen esittelee lyhyesti K\u00e4rs\u00e4m\u00e4en sorakuopat \u201dk\u00e4tkettyin\u00e4 aarteina\u201d.<\/li><\/ol>\n\n\n\n<p>KoroiSet 2\/2014 on luettavissa pdf -muodossa <a rel=\"noreferrer noopener\" aria-label=\"t\u00e4st\u00e4   (avautuu uudessa v\u00e4lilehdess\u00e4)\" href=\"http:\/\/www.koroinen.fi\/lehdet\/KoroiSet_2014_02.pdf\" target=\"_blank\">t\u00e4st\u00e4  <\/a><\/p>\n\n\n<div class=\"wp-block-image\">\n<figure class=\"aligncenter size-large\"><img loading=\"lazy\" decoding=\"async\" width=\"837\" height=\"1024\" src=\"http:\/\/www.koroinen.fi\/artikkelit\/wp-content\/uploads\/2020\/06\/KoroiSet_2014_03-837x1024.jpeg\" alt=\"\" class=\"wp-image-1510\" srcset=\"https:\/\/www.koroinen.fi\/artikkelit\/wp-content\/uploads\/2020\/06\/KoroiSet_2014_03-837x1024.jpeg 837w, https:\/\/www.koroinen.fi\/artikkelit\/wp-content\/uploads\/2020\/06\/KoroiSet_2014_03-245x300.jpeg 245w, https:\/\/www.koroinen.fi\/artikkelit\/wp-content\/uploads\/2020\/06\/KoroiSet_2014_03-768x940.jpeg 768w, https:\/\/www.koroinen.fi\/artikkelit\/wp-content\/uploads\/2020\/06\/KoroiSet_2014_03.jpeg 1068w\" sizes=\"auto, (max-width: 837px) 100vw, 837px\" \/><\/figure>\n<\/div>\n\n\n<h2 class=\"wp-block-heading\">KoroiSet 3\/2014 sis\u00e4lt\u00f6<\/h2>\n\n\n\n<ol class=\"wp-block-list\"><li>P\u00e4\u00e4kirjoituksessa Tapio Jokinen selvitt\u00e4\u00e4 Orikedon j\u00e4tteenpolttolaitoksen purkup\u00e4\u00e4t\u00f6kseen johtanutta prosessia. 2.<\/li><li>Varsin Hyv\u00e4 ry:n toiminnanjohtaja Pia Poikonen selvitt\u00e4\u00e4 tervehdysviestiss\u00e4\u00e4n kehitt\u00e4misyhdistyksens\u00e4 toimintaperiaatteita, s. 2.<\/li><li>Tommi Ranti esittelee Rieskal\u00e4hteen koulu oppilaiden valmistamaa dokumenttivideota Heikki Mikolasta ja h\u00e4nen Kullannuppu -hevosensa seikkailuista Halisten maisemissa, s. 3.<\/li><li>Toni Ekroos Turun kaupungin vapaa-aikatoimesta selostaa l\u00e4hisirkustoimintakokeilua Halisissa, s. 3.<\/li><li>Riitta Karjalainen esittelee palstallaan kaupunkiviljelyn mahdollisuuksia, s. 4.<\/li><li>Maarian seurakunnan vaalilautakunnan puolesta Pentti Korhonen selitt\u00e4\u00e4 seurakuntavaalien ja luottamushenkil\u00f6iden valinnan merkityst\u00e4, s. 4.<\/li><li>Pertti Pussinen kertoo kuvin ja sanoin kes\u00e4n tapahtumista Maarian pappilassa ja Koroisten niemell\u00e4, s. 5.<\/li><li>Liisa M\u00e4kitalo Turun vesilaitosmuseosta kertoo Turun vesilaitosmuseosta Halisissa, s. 6.<\/li><li>Arno Kasvi kertoo kokemuksiaan kiiltomadoista, s. 7.<\/li><li>Kaupunginosaviikoista Halisissa, Koroisissa ja Maariassa kerrotaan kuvin ja kirjoituksin, s. 8 \u2013 9.<\/li><li>Turun Seudun Energiatuotanto Oy:n toimitusjohtaja kirjoittaa Orikedon j\u00e4tteenpolttolaitoksen toiminnan loppumisesta, s. 10.<\/li><li>Jussi Nurmi haastattelee Turun Seudun J\u00e4tehuolto Oy:n yhteysp\u00e4\u00e4llikk\u00f6 yhti\u00f6n tulevista kehitysn\u00e4kymist\u00e4 ja j\u00e4tteiden hy\u00f6tyk\u00e4yt\u00f6st\u00e4, s. 11.<\/li><li>Mirja-Riitta Salo selvitt\u00e4\u00e4 kirjoituksessaan Koroistenkaaren valmisteilla olevaa asemakaavaa, s. 12 \u2013 13.<\/li><li>Pentti Huovinen pohtii blogissaan paikallispolitiikkaan Ciceron ajatusten pohjalta, s. 14.<\/li><li>Aulis Katajam\u00e4ki muistelee ankaria ukonilmakokemuksiaan niin Halisissa kuin Lapissakin, s. 14.<\/li><li>Ann-Christin Antell kirjoittaa kokemuksistaan osallistumisestaan yleis\u00f6lle suunnatuille Ravattulan Ristim\u00e4en arkeologisiin kaivauksiin, s. 16.&nbsp;<\/li><\/ol>\n\n\n\n<p>KoroiSet 3\/2014 on luettavissa pdf -muodossa <a rel=\"noreferrer noopener\" aria-label=\"t\u00e4st\u00e4 (avautuu uudessa v\u00e4lilehdess\u00e4)\" href=\"http:\/\/www.koroinen.fi\/lehdet\/KoroiSet_2014_03.pdf\" target=\"_blank\">t\u00e4st\u00e4<\/a><\/p>\n\n\n<div class=\"wp-block-image\">\n<figure class=\"aligncenter size-large\"><img loading=\"lazy\" decoding=\"async\" width=\"828\" height=\"1024\" src=\"http:\/\/www.koroinen.fi\/artikkelit\/wp-content\/uploads\/2020\/06\/KoroiSet_2014_04-828x1024.jpeg\" alt=\"\" class=\"wp-image-1531\" srcset=\"https:\/\/www.koroinen.fi\/artikkelit\/wp-content\/uploads\/2020\/06\/KoroiSet_2014_04-828x1024.jpeg 828w, https:\/\/www.koroinen.fi\/artikkelit\/wp-content\/uploads\/2020\/06\/KoroiSet_2014_04-243x300.jpeg 243w, https:\/\/www.koroinen.fi\/artikkelit\/wp-content\/uploads\/2020\/06\/KoroiSet_2014_04-768x949.jpeg 768w, https:\/\/www.koroinen.fi\/artikkelit\/wp-content\/uploads\/2020\/06\/KoroiSet_2014_04.jpeg 1067w\" sizes=\"auto, (max-width: 828px) 100vw, 828px\" \/><\/figure>\n<\/div>\n\n\n<h2 class=\"wp-block-heading\">KoroiSet 4\/2014 sis\u00e4lt\u00f6<\/h2>\n\n\n\n<ol class=\"wp-block-list\"><li>P\u00e4\u00e4kirjoituksessa Tapio Jokinen kertoo Koroisten niemen kehitysn\u00e4kymist\u00e4, kun alue on siirretty Mets\u00e4hallituksen luontopalveluiden vastuualueeseen. s. 2.<\/li><li>Arkkipiispa Kari M\u00e4kinen kertoo tervehdyspuheenvuorossaan joulun tapahtumista ja mukana olleista ihmisist\u00e4, s. 2.<\/li><li>Jussi Nurmi haastattelee <em>Orikedon tavernan<\/em> entist\u00e4 omistajaa Aydin Yilmazia h\u00e4nen uudessa lounasravintolassansa Humalistonkadun ja Puutarhakadun kulmassa, s. 3.<\/li><li>Riitta Karjalainen pohtii joulun merkityst\u00e4 ennen ja nyt, s. 4.<\/li><li>Pertti Pussinen esittelee Maarian pappilan seimenn\u00e4yttelyn ja sen aukioloajat, s. 4.<\/li><li>Pertti Pussinen selvitt\u00e4\u00e4 joulun merkityst\u00e4 muslimeille haastattelemalla Turun koulujen islaminopettaja&nbsp;Pishtiuan Muhsenia.s. 5.<\/li><li>Johanna Lampinen kertoo Koroisilla puotia pit\u00e4v\u00e4st\u00e4 luomuverkkokaupasta <em>Luomukassi<\/em> ja haastattelee Luomukassin perustajaa Lotta Laaksosta, kun Luomukassi on liittynyt osaksi osuuskunta Kehr\u00e4\u00e4, s. 6.<\/li><li>Pirjo Ranti kertoo ja haastattelee vuoden 2014 HaliSakkaa Raili Kauhanieme\u00e4 ja HaliSukkoa Jaakko Lainetta, s. 7.<\/li><li>Timo Leinonen kirjoittaa A. M. Tallgr\u00e9nin el\u00e4m\u00e4st\u00e4 ja el\u00e4m\u00e4nty\u00f6st\u00e4, osa 1, s. 8 \u2013 9.<\/li><li>Pentti Huovinen pohtii blogissaan sit\u00e4, miten maailmamme digitalisoituminen vaikuttaa ihmisten tunne-el\u00e4m\u00e4\u00e4n, s.<\/li><li>Timo Leinonen esittelee Saram\u00e4en historian kirjoittaneen Mauri Kivel\u00e4n ja h\u00e4nen kirjansa&nbsp;<em>Ihmisi\u00e4 Saram\u00e4ess\u00e4 \u2013 tuhatvuotisen kyl\u00e4n v\u00e4ke\u00e4 parinsadan vuoden ajalta<\/em>, s. 10.<\/li><li>Pentti Kosonen esittelee ilmateitse tapahtuvat yhteydet Turusta muualle, s. 11.<\/li><li>Arne Kasvi kertoo havainnoistaan puiden siitep\u00f6lyst\u00e4 pienten kalojen ravintona, s. 12.&nbsp;<\/li><li>Tytti Issakainen haastattelee kolmea Maarian seurakunnan valituiksi tullutta luottamushenkil\u00f6\u00e4, s. 13.<\/li><li>Aulis Katajam\u00e4ki muistelee ja kertoo ajatuksiaan menneist\u00e4 joulusta runon muodossa, s. 14.<\/li><li>Timo Leinonen haastattelee kuvanveist\u00e4j\u00e4 Simo Heleniusta, ja esittelee h\u00e4nen t\u00f6it\u00e4ns\u00e4 ja ajatuksiaan taiteesta, s. 16.<\/li><\/ol>\n\n\n\n<p>KoroiSet 4\/2014 on luettavissa pdf -muodossa <a rel=\"noreferrer noopener\" aria-label=\"t\u00e4st\u00e4 (avautuu uudessa v\u00e4lilehdess\u00e4)\" href=\"http:\/\/www.koroinen.fi\/lehdet\/KoroiSet_2014_04.pdf\" target=\"_blank\">t\u00e4st\u00e4<\/a><\/p>\n","protected":false},"excerpt":{"rendered":"<p>KoroiSet 1\/2014 sis\u00e4lt\u00f6<\/p>\n","protected":false},"author":1,"featured_media":2457,"comment_status":"closed","ping_status":"closed","sticky":false,"template":"","format":"standard","meta":{"footnotes":""},"categories":[13,41],"tags":[34,27],"class_list":["post-1512","post","type-post","status-publish","format-standard","has-post-thumbnail","hentry","category-historia","category-koroiset","tag-koroiset","tag-kotiseututyo"],"_links":{"self":[{"href":"https:\/\/www.koroinen.fi\/artikkelit\/wp-json\/wp\/v2\/posts\/1512","targetHints":{"allow":["GET"]}}],"collection":[{"href":"https:\/\/www.koroinen.fi\/artikkelit\/wp-json\/wp\/v2\/posts"}],"about":[{"href":"https:\/\/www.koroinen.fi\/artikkelit\/wp-json\/wp\/v2\/types\/post"}],"author":[{"embeddable":true,"href":"https:\/\/www.koroinen.fi\/artikkelit\/wp-json\/wp\/v2\/users\/1"}],"replies":[{"embeddable":true,"href":"https:\/\/www.koroinen.fi\/artikkelit\/wp-json\/wp\/v2\/comments?post=1512"}],"version-history":[{"count":25,"href":"https:\/\/www.koroinen.fi\/artikkelit\/wp-json\/wp\/v2\/posts\/1512\/revisions"}],"predecessor-version":[{"id":2469,"href":"https:\/\/www.koroinen.fi\/artikkelit\/wp-json\/wp\/v2\/posts\/1512\/revisions\/2469"}],"wp:featuredmedia":[{"embeddable":true,"href":"https:\/\/www.koroinen.fi\/artikkelit\/wp-json\/wp\/v2\/media\/2457"}],"wp:attachment":[{"href":"https:\/\/www.koroinen.fi\/artikkelit\/wp-json\/wp\/v2\/media?parent=1512"}],"wp:term":[{"taxonomy":"category","embeddable":true,"href":"https:\/\/www.koroinen.fi\/artikkelit\/wp-json\/wp\/v2\/categories?post=1512"},{"taxonomy":"post_tag","embeddable":true,"href":"https:\/\/www.koroinen.fi\/artikkelit\/wp-json\/wp\/v2\/tags?post=1512"}],"curies":[{"name":"wp","href":"https:\/\/api.w.org\/{rel}","templated":true}]}}