{"id":1491,"date":"2020-06-29T11:38:09","date_gmt":"2020-06-29T08:38:09","guid":{"rendered":"http:\/\/www.koroinen.fi\/artikkelit\/?p=1491"},"modified":"2023-03-08T16:25:57","modified_gmt":"2023-03-08T14:25:57","slug":"vuoden-2013-koroiset-lehdet","status":"publish","type":"post","link":"https:\/\/www.koroinen.fi\/artikkelit\/vuoden-2013-koroiset-lehdet\/","title":{"rendered":"Vuoden 2013 KoroiSet -lehdet"},"content":{"rendered":"<div class=\"wp-block-image\">\n<figure class=\"aligncenter size-large\"><img loading=\"lazy\" decoding=\"async\" width=\"725\" height=\"1024\" src=\"http:\/\/www.koroinen.fi\/artikkelit\/wp-content\/uploads\/2020\/06\/KoroiSet_2013_01-02-725x1024.jpeg\" alt=\"\" class=\"wp-image-1485\" srcset=\"https:\/\/www.koroinen.fi\/artikkelit\/wp-content\/uploads\/2020\/06\/KoroiSet_2013_01-02-725x1024.jpeg 725w, https:\/\/www.koroinen.fi\/artikkelit\/wp-content\/uploads\/2020\/06\/KoroiSet_2013_01-02-212x300.jpeg 212w, https:\/\/www.koroinen.fi\/artikkelit\/wp-content\/uploads\/2020\/06\/KoroiSet_2013_01-02-768x1085.jpeg 768w, https:\/\/www.koroinen.fi\/artikkelit\/wp-content\/uploads\/2020\/06\/KoroiSet_2013_01-02.jpeg 1053w\" sizes=\"auto, (max-width: 725px) 100vw, 725px\" \/><\/figure>\n<\/div>\n\n\n<h2 class=\"wp-block-heading\">KoroiSet 1 &#8211; 2\/2013 sis\u00e4lt\u00f6<\/h2>\n\n\n\n<!--more-->\n\n\n\n<ol class=\"wp-block-list\"><li>P\u00e4\u00e4kirjoituksessa Tapio Jokinen kirjoittaa suunnitteilla olevan j\u00e4tevoimalan ymp\u00e4rist\u00f6vaikutusten arviointimenettelyn tuloksista, Koroisten alueen kaavoituksesta kiit\u00e4en samalla KoroiSet -lehden toimitussihteeri\u00e4 Hanna Nurmea h\u00e4nen j\u00e4tt\u00e4ess\u00e4\u00e4n teht\u00e4v\u00e4ns\u00e4 ja toivottaen samalla uuden toimitussihteerin Mirja-Riitta Salon tervetulleeksi, s. 2.&nbsp;<\/li><li>Turun Seudun J\u00e4tehuolto Oy:n toimitusjohtaja Jukka Heikkil\u00e4 kirjoittaa j\u00e4tteen k\u00e4sittelyasioista yhti\u00f6ns\u00e4 n\u00e4k\u00f6kulmasta, s. 2.<\/li><li>Kaisa Kultainen kirjoittaa museotoiminnasta Kuralan Kyl\u00e4m\u00e4ess\u00e4, s. 3.<\/li><li>Hanna Nurmi selvitt\u00e4\u00e4 kirjoituksessaan Koroisten alueen kaavoituksen l\u00e4ht\u00f6kohdista ja suunnitelmista, s. 4 \u2013 7.&nbsp;<\/li><li>Timo Leinonen kirjoittaa Halisten kyl\u00e4n historiasta 1600-luvulta l\u00e4htien, s. 8 \u2013 10.<\/li><li>Pekka Saaristo esittelee Myllyojalla kes\u00e4ll\u00e4 esitett\u00e4v\u00e4n n\u00e4ytelm\u00e4ns\u00e4&nbsp;<em>Mustat autot Maarian y\u00f6ss\u00e4 \u2013 30-luvun k\u00e4skyt ja kiellot,<\/em>&nbsp;s. 11.&nbsp;<\/li><li>Pentti Huovinen kertoo blogissaan nuhasta, flunssasta ja k\u00e4sien pesun t\u00e4rkeydest\u00e4, s. 12.<\/li><li>Mirja-Riitta Salo kertoo asukkaiden talvisista harrastuksista lehden levikkialueella, s. 14 \u2013 15.<\/li><li>Sinikka Paulin selvitt\u00e4\u00e4 Aurajokis\u00e4\u00e4ti\u00f6n tavoitteita, s. 16.<\/li><li>Aulis Katajam\u00e4ki kertoo muistojaan lumilinnojen ja majojen rakentamisesta, s. 16.<\/li><li>P\u00e4ivi Eskola kirjoittaa Myllyojan menneist\u00e4 ja tulevista kulttuuritapahtumista, s. 17.<\/li><li>Timo Leinonen esittelee 21.3.2013 pidetyn Kaarlo Marjanen symposiumin sis\u00e4ll\u00f6n, s. 18.<\/li><li>Tuula Javanainen kertoo tarinoita virusm\u00e4en soljesta ja vanhasta talosta joen rannalla, s. 19.<\/li><li>Mirja-Riitta Salo esittelee El\u00e4v\u00e4n Kulttuurin Koroinen ry:n ja Koroisten kyl\u00e4n l\u00e4hihistorian, s. 20.<\/li><\/ol>\n\n\n\n<p>KoroiSet 1 &#8211; 2\/2013 on luettavissa pdf -muodossa <a rel=\"noreferrer noopener\" aria-label=\"t\u00e4st\u00e4 (avautuu uudessa v\u00e4lilehdess\u00e4)\" href=\"http:\/\/www.koroinen.fi\/artikkelit\/wp-content\/uploads\/2020\/06\/KoroiSet_2013_01-02.pdf\" target=\"_blank\">t\u00e4st\u00e4<\/a> <\/p>\n\n\n<div class=\"wp-block-image\">\n<figure class=\"aligncenter size-large\"><img loading=\"lazy\" decoding=\"async\" width=\"722\" height=\"1024\" src=\"http:\/\/www.koroinen.fi\/artikkelit\/wp-content\/uploads\/2020\/06\/KoroiSet_2013_03-722x1024.jpeg\" alt=\"\" class=\"wp-image-1486\" srcset=\"https:\/\/www.koroinen.fi\/artikkelit\/wp-content\/uploads\/2020\/06\/KoroiSet_2013_03-722x1024.jpeg 722w, https:\/\/www.koroinen.fi\/artikkelit\/wp-content\/uploads\/2020\/06\/KoroiSet_2013_03-211x300.jpeg 211w, https:\/\/www.koroinen.fi\/artikkelit\/wp-content\/uploads\/2020\/06\/KoroiSet_2013_03-768x1089.jpeg 768w, https:\/\/www.koroinen.fi\/artikkelit\/wp-content\/uploads\/2020\/06\/KoroiSet_2013_03.jpeg 1049w\" sizes=\"auto, (max-width: 722px) 100vw, 722px\" \/><\/figure>\n<\/div>\n\n\n<h2 class=\"wp-block-heading\">KoroiSet 3\/2013 sis\u00e4lt\u00f6<\/h2>\n\n\n\n<ol class=\"wp-block-list\"><li>P\u00e4\u00e4kirjoituksessa Tapio Jokinen selvitt\u00e4\u00e4 Turun Seudun J\u00e4tehuolto Oy:n suunnitelmaa j\u00e4tevoimalan rakentamisesta Turun seudulle ja siit\u00e4 ELY -keskuksen antamaa lausuntoa, s. 2.&nbsp;<\/li><li>Mirja-Riitta Salo kertoo Halisten koulussa j\u00e4rjestyst\u00e4 tilaisuudesta, jossa ekaluokkalaisille jaettiin syyskauden avajaisissa kampanjalakit, s. 2.<\/li><li>Museojohtaja P\u00e4ivi Kiiski kirjoittaa tervehdyksens\u00e4 lehden lukijoille ja kertoo seuraavan vuoden kev\u00e4\u00e4ksi suunnitellusta W\u00e4in\u00f6 Aaltonen symposiumista, s. 2.<\/li><li>Pertti Pussinen, P\u00e4ivi Eskola, P\u00e4ivi Simi ja Pirjo Ranti kertovat sanoin ja kuvin kes\u00e4tapahtumista R\u00e4nt\u00e4m\u00e4ess\u00e4, Maariassa ja Halisissa, s. 2 \u2013 5.<\/li><li>Pirjo Ranti esittelee \u201dkieppismatami\u201d Silja Salowin, s. 5.<\/li><li>Annika Lapintie ottaa kantaa Aurajoen rantojen joen ylityssiltojen toimivuuteen, s. 6.<\/li><li>Riitta Karjalainen kertoo kokemuksistaan Kuralan kampif\u00f6rist\u00e4 ja p\u00e4\u00e4t\u00f6ksest\u00e4, ett\u00e4 t\u00e4m\u00e4 korvataan betoniponttonisillalla, s. 6.<\/li><li>Mirja-Riitta Salo kertoo tarkasti analysoiden Pekka Saariston ohjaamaa n\u00e4ytelm\u00e4\u00e4 Mustat autot Maarian y\u00f6ss\u00e4. N\u00e4ytelm\u00e4 esitettiin Myllyojalla kes\u00e4ll\u00e4 2013, s. 7.<\/li><li>Saara Markkula esittelee diakonissa Suvituuli Turusen, s. 8.<\/li><li>Johanna Lampinen haastattelee Timo Leinosta sovitteluajattelun soveltamismahdollisuuksista asumiseen liittyvien ristiriitojen k\u00e4sittelyyn, s. 8.<\/li><li>Mirja-Riitta Salo haastattelee lausuja Tuula Waldenia, s. 9.&nbsp;<\/li><li>Pentti Kosonen kirjoittaa n\u00e4kemyksi\u00e4\u00e4n julkisen talouden perusteista, s. 9.<\/li><li>Timo Leinonen kirjoittaa W\u00e4in\u00f6 Aaltosen el\u00e4m\u00e4st\u00e4 ja el\u00e4m\u00e4nty\u00f6st\u00e4 W\u00e4in\u00f6 Aaltonen symposiumin tausta-aineistoksi, s. 10.<\/li><li>Asta Kinghorn kertoo kokemuksistaan yhteis\u00f6llisest\u00e4 lapsikeskeisest\u00e4 kerhotoiminnastaan Halisissa, s. 11.<\/li><li>Esitell\u00e4\u00e4n R\u00e4nt\u00e4m\u00e4keen valmistuneet varastotallirakennukset ja niiden toimintaperiaatteet, s. 11.<\/li><li>Tutkija Jaana Solasvuo Turun kaupungista esittelee Koroisten alueen maank\u00e4ytt\u00f6suunnitelmaa ja kaavoitustoimintaa. s. 12.<\/li><li>Mirja-Riitta Salo esittelee ViherDesign -liikkeen Ravattulan kauppakeskuksessa, s. 13.<\/li><li>Kaisa Kutilainen ja Piia Vuorinen esittelev\u00e4t harrastustoimintamahdollisuuksia Kuralassa ja Nummen alueella loppuvuonna, s. 14<\/li><li>Pentti Huovinen kertoo blogissaan havaitsemistaan ongelmista junan vessoissa, s. 15.<\/li><li>Aulis Katajam\u00e4ki muistelee vaelluskokemuksiaan Lapissa, s. 15.<\/li><li>Kirjaston johtaja Maija Leena Alanko kertoo Nummen kirjaston tapahtumista, s. 16.<\/li><\/ol>\n\n\n\n<p>KoroiSet 3\/2013 on luettavissa pdf -muodossa <a rel=\"noreferrer noopener\" aria-label=\"t\u00e4st\u00e4 (avautuu uudessa v\u00e4lilehdess\u00e4)\" href=\"http:\/\/www.koroinen.fi\/artikkelit\/wp-content\/uploads\/2020\/06\/KoroiSet_2013_03.pdf\" target=\"_blank\">t\u00e4st\u00e4<\/a> <\/p>\n\n\n<div class=\"wp-block-image\">\n<figure class=\"aligncenter size-large\"><img loading=\"lazy\" decoding=\"async\" width=\"700\" height=\"1024\" src=\"http:\/\/www.koroinen.fi\/artikkelit\/wp-content\/uploads\/2020\/06\/KoroiSet_2013_04-700x1024.jpeg\" alt=\"\" class=\"wp-image-1487\" srcset=\"https:\/\/www.koroinen.fi\/artikkelit\/wp-content\/uploads\/2020\/06\/KoroiSet_2013_04-700x1024.jpeg 700w, https:\/\/www.koroinen.fi\/artikkelit\/wp-content\/uploads\/2020\/06\/KoroiSet_2013_04-205x300.jpeg 205w, https:\/\/www.koroinen.fi\/artikkelit\/wp-content\/uploads\/2020\/06\/KoroiSet_2013_04-768x1123.jpeg 768w, https:\/\/www.koroinen.fi\/artikkelit\/wp-content\/uploads\/2020\/06\/KoroiSet_2013_04.jpeg 1015w\" sizes=\"auto, (max-width: 700px) 100vw, 700px\" \/><\/figure>\n<\/div>\n\n\n<h2 class=\"wp-block-heading\">KoroiSet 4\/2013 sis\u00e4lt\u00f6<\/h2>\n\n\n\n<ol class=\"wp-block-list\"><li>P\u00e4\u00e4kirjoituksessa Tapio Jokinen selvitt\u00e4\u00e4 Turun kaupunkiseudun seudullisten j\u00e4tetaksojen muutossuunnitelmia, s. 2.&nbsp;<\/li><li>It\u00e4-Maarian alueneuvoston puheenjohtaja Mika Ketola esitt\u00e4\u00e4 joulutervehdyksen lehden lukijoille, s. 2.<\/li><li>Mirja-Riitta Salo kertoo koululaisten iltap\u00e4iv\u00e4kerhotoiminnasta seurakuntakodissa, s. 3.<\/li><li>Asta Kinghorn kirjoittaa yhteis\u00f6llisyyden merkityksest\u00e4 ihmisen hyvinvoinnille, s. 4.<\/li><li>Timo Leinonen kirjoittaa W\u00e4in\u00f6 Aaltosen el\u00e4m\u00e4st\u00e4 ja el\u00e4m\u00e4nty\u00f6st\u00e4, osa II, s. 5.<\/li><li>Sinikka Paulin kirjoittaa toimenpideohjelmista Aurajoen tilan edelleen parantamiseksi, s. 6.<\/li><li>Jussi Nurmi haastattelee Rinta-Joupin autoliikkeen myyntijohtaja Olli Aarnivaaraa, s. 6.<\/li><li>Saara Markkula haastattelee kilparatsastaja Aino Lavosta, s. 7.<\/li><li>Timo Leinonen kirjoittaa vuoden 1918 tapahtumista Turussa, osa 1, s. 8 \u2013 9.<\/li><li>Kaavoitusarkkitehti Jani Etel\u00e4koski selostaa Maaria \u2013 Ilmaristen osayleiskaavan valmistelua, s. 9.<\/li><li>Pirjo Ranti esittelee vuoden 2013 HaliSakan Ann-Christin Antellin ja HaliSukon Jaakko Eerolan, s. 10.<\/li><li>Timo Leinonen haastattelee Parturi-kampaamo Punatukan Maija Lehti\u00f6t\u00e4 liikkeen 15-vuotisjuhlan merkeiss\u00e4, s. 11.<\/li><li>Martti H\u00e4nninen pohtii energian merkityst\u00e4 ihmisel\u00e4m\u00e4lle, s. 11.<\/li><li>Riitta Karjalainen kirjoittaa kaupunginosaviikkojen merkityksest\u00e4, s. 12.<\/li><li>Esitell\u00e4\u00e4n alueella toimivia, naisille ja lapsiperheille suunnattuja liikuntaryhmi\u00e4, s. 13 \u2013 14.&nbsp;<\/li><li>Pentti Huovinen esitt\u00e4\u00e4 blogissaan ajatuksensa siit\u00e4, ett\u00e4 my\u00f6s Suomessa vietett\u00e4isiin perhekeskeist\u00e4 kiitosp\u00e4iv\u00e4\u00e4, s. 15.<\/li><li>Aulis Katajam\u00e4ki muistelee joulunviettojaan Lapin Hetassa, s. 15.<\/li><li>Pertti Pussinen kertoo jouluseimen rakentamisesta ja sen esill\u00e4 olosta Maarian pappilan tiloissa, s. 16.<\/li><\/ol>\n\n\n\n<p>KoroiSet 4\/2013 on luettavissa pdf -muodossa <a rel=\"noreferrer noopener\" aria-label=\"t\u00e4st\u00e4 (avautuu uudessa v\u00e4lilehdess\u00e4)\" href=\"http:\/\/www.koroinen.fi\/artikkelit\/wp-content\/uploads\/2020\/06\/KoroiSet_2013_04.pdf\" target=\"_blank\">t\u00e4st\u00e4<\/a>.<\/p>\n","protected":false},"excerpt":{"rendered":"<p>KoroiSet 1 &#8211; 2\/2013 sis\u00e4lt\u00f6<\/p>\n","protected":false},"author":1,"featured_media":2457,"comment_status":"closed","ping_status":"closed","sticky":false,"template":"","format":"standard","meta":{"footnotes":""},"categories":[13,41],"tags":[73,34,27],"class_list":["post-1491","post","type-post","status-publish","format-standard","has-post-thumbnail","hentry","category-historia","category-koroiset","tag-73","tag-koroiset","tag-kotiseututyo"],"_links":{"self":[{"href":"https:\/\/www.koroinen.fi\/artikkelit\/wp-json\/wp\/v2\/posts\/1491","targetHints":{"allow":["GET"]}}],"collection":[{"href":"https:\/\/www.koroinen.fi\/artikkelit\/wp-json\/wp\/v2\/posts"}],"about":[{"href":"https:\/\/www.koroinen.fi\/artikkelit\/wp-json\/wp\/v2\/types\/post"}],"author":[{"embeddable":true,"href":"https:\/\/www.koroinen.fi\/artikkelit\/wp-json\/wp\/v2\/users\/1"}],"replies":[{"embeddable":true,"href":"https:\/\/www.koroinen.fi\/artikkelit\/wp-json\/wp\/v2\/comments?post=1491"}],"version-history":[{"count":19,"href":"https:\/\/www.koroinen.fi\/artikkelit\/wp-json\/wp\/v2\/posts\/1491\/revisions"}],"predecessor-version":[{"id":2471,"href":"https:\/\/www.koroinen.fi\/artikkelit\/wp-json\/wp\/v2\/posts\/1491\/revisions\/2471"}],"wp:featuredmedia":[{"embeddable":true,"href":"https:\/\/www.koroinen.fi\/artikkelit\/wp-json\/wp\/v2\/media\/2457"}],"wp:attachment":[{"href":"https:\/\/www.koroinen.fi\/artikkelit\/wp-json\/wp\/v2\/media?parent=1491"}],"wp:term":[{"taxonomy":"category","embeddable":true,"href":"https:\/\/www.koroinen.fi\/artikkelit\/wp-json\/wp\/v2\/categories?post=1491"},{"taxonomy":"post_tag","embeddable":true,"href":"https:\/\/www.koroinen.fi\/artikkelit\/wp-json\/wp\/v2\/tags?post=1491"}],"curies":[{"name":"wp","href":"https:\/\/api.w.org\/{rel}","templated":true}]}}