{"id":1459,"date":"2020-06-26T17:44:08","date_gmt":"2020-06-26T14:44:08","guid":{"rendered":"http:\/\/www.koroinen.fi\/artikkelit\/?p=1459"},"modified":"2023-03-08T16:27:25","modified_gmt":"2023-03-08T14:27:25","slug":"vuoden-2012-koroiset-lehdet","status":"publish","type":"post","link":"https:\/\/www.koroinen.fi\/artikkelit\/vuoden-2012-koroiset-lehdet\/","title":{"rendered":"Vuoden 2012 KoroiSet -lehdet"},"content":{"rendered":"<div class=\"wp-block-image\">\n<figure class=\"aligncenter size-large\"><img loading=\"lazy\" decoding=\"async\" width=\"721\" height=\"1024\" src=\"http:\/\/www.koroinen.fi\/artikkelit\/wp-content\/uploads\/2020\/06\/KoroiSet_2012_01-721x1024.jpeg\" alt=\"\" class=\"wp-image-1450\" srcset=\"https:\/\/www.koroinen.fi\/artikkelit\/wp-content\/uploads\/2020\/06\/KoroiSet_2012_01-721x1024.jpeg 721w, https:\/\/www.koroinen.fi\/artikkelit\/wp-content\/uploads\/2020\/06\/KoroiSet_2012_01-211x300.jpeg 211w, https:\/\/www.koroinen.fi\/artikkelit\/wp-content\/uploads\/2020\/06\/KoroiSet_2012_01-768x1091.jpeg 768w, https:\/\/www.koroinen.fi\/artikkelit\/wp-content\/uploads\/2020\/06\/KoroiSet_2012_01.jpeg 1047w\" sizes=\"auto, (max-width: 721px) 100vw, 721px\" \/><\/figure>\n<\/div>\n\n\n<h2 class=\"wp-block-heading\">KoroiSet 1\/2012 sis\u00e4lt\u00f6<\/h2>\n\n\n\n<!--more-->\n\n\n\n<ol class=\"wp-block-list\"><li>P\u00e4\u00e4kirjoituksessa Tapio Jokinen esittelee Turun Seudun J\u00e4tehuolto Oy:n suunnitelmaa sijoittaa uusi j\u00e4tteenpolttolaitos Topinojalle ja suunnitelman tilannetta, s. 2.&nbsp;<\/li><li>Seurakuntayhtym\u00e4n kulttuurip\u00e4\u00e4kaupunkihankkeen tuottajan Jaana Rantalan kiitospuheenvuoro, s. 2.<\/li><li>Aluelipun suunnittelukilpailun avaus, s. 2.<\/li><li>Kaavoitusarkkitehti Christine Eskolin kertoo asemakaavaty\u00f6n valmistelun alkamisesta Orikedolla, s. 3.<\/li><li>P\u00e4ivi Eskola kirjoittaa Maarian kes\u00e4teatterissa valmistelussa olevasta&nbsp;<em>Kaksi Maariaa<\/em>&nbsp;-n\u00e4ytelm\u00e4st\u00e4, s. 3.<\/li><li>Pirkko Kunnari kirjoittaa R\u00e4im\u00e4n kent\u00e4ll\u00e4 pelattavasta R\u00e4nt\u00e4m\u00e4en liigasta, s. 4.<\/li><li>Sinikka Kauko-Vainio esittelee Turun vesilaitosmuseon Halisten kosken rannalla, s. 5.<\/li><li>Valokuvakilpailujen tulosten esittely, s. 6 \u2013 7.<\/li><li>Pirjo Ranti kertoo Nummen Narsissi -kukkakaupan omistajavaihdosta, s. 7.<\/li><li>Timo Leinonen kirjoittaa vuoden 1918 tapahtumista Liisa Ahlmanin ja Martti Haavion muistiinpanojen pohjalta, s. 8 \u2013 10.<\/li><li>Pentti Kosonen kirjoittaa Turun kaupungin hallintoj\u00e4rjestelm\u00e4n muutossuunnitelman tilanteesta, s. 11.<\/li><li>Pullervo P\u00f6ll\u00f6 kertoo Nummen kirjaston kuulumisista, s. 12.<\/li><li>Aulis Katajam\u00e4ki muistelee hevosten merkityst\u00e4 vanhoissa muistikuvissaan talvisesta Halisesta, s. 12.<\/li><li>Antti J\u00e4\u00e4skel\u00e4inen kirjoittaa Kuralan Kyl\u00e4m\u00e4est\u00e4 ja kaupungin tavoitteista paikan suhteen, s. 13.<\/li><li>Saara Markkula kertoo el\u00e4inten joulurauhan julistustilaisuudesta Halisissa 17.12.2011, s. 14.<\/li><\/ol>\n\n\n\n<p>KoroiSet 1\/2012 on luettavissa pdf -muodossa<a rel=\"noreferrer noopener\" aria-label=\" t\u00e4st\u00e4  (avautuu uudessa v\u00e4lilehdess\u00e4)\" href=\"http:\/\/www.koroinen.fi\/artikkelit\/wp-content\/uploads\/2020\/06\/KoroiSet_2012_01.pdf\" target=\"_blank\"> t\u00e4st\u00e4 <\/a><\/p>\n\n\n<div class=\"wp-block-image\">\n<figure class=\"aligncenter size-large\"><img loading=\"lazy\" decoding=\"async\" width=\"718\" height=\"1024\" src=\"http:\/\/www.koroinen.fi\/artikkelit\/wp-content\/uploads\/2020\/06\/KoroiSet_2012_02-718x1024.jpeg\" alt=\"\" class=\"wp-image-1451\" srcset=\"https:\/\/www.koroinen.fi\/artikkelit\/wp-content\/uploads\/2020\/06\/KoroiSet_2012_02-718x1024.jpeg 718w, https:\/\/www.koroinen.fi\/artikkelit\/wp-content\/uploads\/2020\/06\/KoroiSet_2012_02-210x300.jpeg 210w, https:\/\/www.koroinen.fi\/artikkelit\/wp-content\/uploads\/2020\/06\/KoroiSet_2012_02-768x1095.jpeg 768w, https:\/\/www.koroinen.fi\/artikkelit\/wp-content\/uploads\/2020\/06\/KoroiSet_2012_02.jpeg 1035w\" sizes=\"auto, (max-width: 718px) 100vw, 718px\" \/><\/figure>\n<\/div>\n\n\n<h2 class=\"wp-block-heading\">KoroiSet 2\/2012 sis\u00e4lt\u00f6<\/h2>\n\n\n\n<ol class=\"wp-block-list\"><li>P\u00e4\u00e4kirjoituksessa Tapio Jokinen kirjoittaa s\u00e4hk\u00f6sopimustilanteesta, Turun Seudun J\u00e4tehuolto Oy:n suunnitelmasta sijoittaa j\u00e4tteenpolttolaitos Topinojalle sek\u00e4 tulevista kaupunkiosaviikosta ja Koroisten kyl\u00e4juhlista, s. 2.<\/li><li>Mika Ketola kertoo It\u00e4-Maarian alueneuvoston toiminnasta ja suunnitelmista, s. 2.<\/li><li>Kaksi Maariaa -n\u00e4ytelm\u00e4n valmisteluprosessin esittely, s. 3.<\/li><li>Pertti Pussinen esittelee Tastulan ristin ja siihen liittyv\u00e4t merkitysteoriat, s. 3.<\/li><li>Halisten, Koroisten ja Maarian kaupunkiosaviikkojen ohjelmien esittely, s. 4 \u2013 5.<\/li><li>Pirjo Ranti esittelee Lindrothin puutarha -nimisen yrityksen, s. 5.<\/li><li>Nummenpakanviikon ohjelman esittely. s. 6.<\/li><li>Mia Poutanen kertoo Halisten kosken ranta-alueella olevan Myll\u00e4ritalon ja siell\u00e4 toimivan Aurajoen opastuskeskuksen toiminnasta, s. 7.<\/li><li>Sara Palin kertoo esimerkin avulla Halisten kosken. mahdollisuuksista kuvausten kohteena ja taustana, s. 8.<\/li><li>Arno Kasvi kirjoittaa sanan \u201dniinist\u00f6\u201d merkityksest\u00e4, s. 8.<\/li><li>Kristiina Annala ja Outi Tuomela esittelev\u00e4t El\u00e4v\u00e4n Kulttuurin Koroinen ry:n, s. 9.<\/li><li>Antti J\u00e4\u00e4skel\u00e4inen kertoo Kuralan Kyl\u00e4m\u00e4en kuulumisista, s. 9.<\/li><li>Rauni Haapa-alho muistelee menneit\u00e4 aikoja Raunistulassa V\u00e4h\u00e4njoen toisella puolen Koroisten niemelt\u00e4 katsottuna. s. 11.<\/li><li>Saara Markkula esittelee uuden Asian Mini Marketin, s. 12.<\/li><li>Esitell\u00e4\u00e4n Liedon osuuspankin Turun konttorin muutto ja Rinta-Joupin autoliikkeen laajennus, s. 13.&nbsp;<\/li><li>Pentti Kosonen kertoo Turun ja turkulaisten merkityksest\u00e4 Suomen ilmailuhistoriassa l\u00e4htien merkitt\u00e4v\u00e4n kemistin ja Akatemian rehtorin Jacob Gadolinin 1700-luvulla esitt\u00e4m\u00e4st\u00e4 ajatuksista siit\u00e4, ett\u00e4 ihminen viel\u00e4 joskus voisi lent\u00e4\u00e4, s. 13.<\/li><li>Pentti Huovinen kertoo blogissaan suolistokaasujen poistumistavoista, s. 14.<\/li><li>Timo Leinonen esittelee 22.3.2012 pidetyn Erik Ahlman symposiumin sis\u00e4ll\u00f6n, s. 14.<\/li><li>Pullervo P\u00f6ll\u00f6 kertoo Nummen kirjaston kuulumisista, s. 15.<\/li><li>Aulis Katajam\u00e4ki kertoo, miten h\u00e4nen is\u00e4ns\u00e4 joskus 1920-luvulla hankki ajokortin toimiessaan Wiklundin rautakaupan palveluksessa, s. 15.<\/li><\/ol>\n\n\n\n<p>KoroiSet 2\/2012 on luettavissa pdf -muodossa<a rel=\"noreferrer noopener\" href=\"http:\/\/www.koroinen.fi\/artikkelit\/wp-content\/uploads\/2020\/06\/KoroiSet_2012_01.pdf\" target=\"_blank\"> <\/a><a rel=\"noreferrer noopener\" aria-label=\"t\u00e4st\u00e4  (avautuu uudessa v\u00e4lilehdess\u00e4)\" href=\"http:\/\/www.koroinen.fi\/artikkelit\/wp-content\/uploads\/2020\/06\/KoroiSet_2012_02.pdf\" target=\"_blank\">t\u00e4st\u00e4 <\/a><\/p>\n\n\n<div class=\"wp-block-image\">\n<figure class=\"aligncenter size-large\"><img loading=\"lazy\" decoding=\"async\" width=\"728\" height=\"1024\" src=\"http:\/\/www.koroinen.fi\/artikkelit\/wp-content\/uploads\/2020\/06\/KoroiSet_2012_03-728x1024.jpeg\" alt=\"\" class=\"wp-image-1452\" srcset=\"https:\/\/www.koroinen.fi\/artikkelit\/wp-content\/uploads\/2020\/06\/KoroiSet_2012_03-728x1024.jpeg 728w, https:\/\/www.koroinen.fi\/artikkelit\/wp-content\/uploads\/2020\/06\/KoroiSet_2012_03-213x300.jpeg 213w, https:\/\/www.koroinen.fi\/artikkelit\/wp-content\/uploads\/2020\/06\/KoroiSet_2012_03-768x1080.jpeg 768w, https:\/\/www.koroinen.fi\/artikkelit\/wp-content\/uploads\/2020\/06\/KoroiSet_2012_03.jpeg 1050w\" sizes=\"auto, (max-width: 728px) 100vw, 728px\" \/><\/figure>\n<\/div>\n\n\n<h2 class=\"wp-block-heading\">KoroiSet 3\/2012 sis\u00e4lt\u00f6<\/h2>\n\n\n\n<ol class=\"wp-block-list\"><li>P\u00e4\u00e4kirjoituksessa Tapio Jokinen kirjoittaa Korkeimman hallinto-oikeuden p\u00e4\u00e4t\u00f6ksen ja tehtyjen sopimusten merkityksest\u00e4 Orikedon polttolaitokselle. P\u00e4\u00e4t\u00f6ksen mukaan laitoksen toiminta loppuu vuoden 2014 lopussa. Sopimusten mukaan laitos on purettava 8 kuukauden p\u00e4\u00e4st\u00e4 t\u00e4st\u00e4, s. 2.&nbsp;<\/li><li>Nummen kirjastonjohtaja Maija-Leena Alanko esittelee kirjastoaan. s. 2.&nbsp;<\/li><li>KoroiSet -lehden stipendin saajat esitell\u00e4\u00e4n, s. 2.<\/li><li>Jouko Pukkila esittelee Turun Museokeskuksen tekemi\u00e4 tutkimuskaivausten tuloksia Riihivainion esihistorialaisessa asuinpaikassa, s. 3.<\/li><li>Koroisten, Halisten ja Maarian kaupunginosaviikkoja esitell\u00e4\u00e4n kirjoituksin ja kuvin, s. 4 \u2013 7.<\/li><li>Mirja-Riitta Salo esittelee kirjoituksin ja kuvin Maarian kirkon taideluomuksia, s. 8 \u2013 9.<\/li><li>Virpi Lummevuo esittelee Mets\u00e4m\u00e4en el\u00e4inhoitotiloja Mets\u00e4m\u00e4ess\u00e4, s. 10 \u2013 11.<\/li><li>Kristiina Annala ja Outi Tuomola esittelev\u00e4t ajatuksia Koroisten maisemia tulevaisuuden n\u00e4kymi\u00e4, s. 12.<\/li><li>Maahanmuuttajanuorten mietteit\u00e4 ja kokemuksia kursiltaan Turun kristillisess\u00e4 opistossa, s. 12.<\/li><li>Mirja-Riitta Salo esittelee Turun Kotipesulan, s. 13.<\/li><li>Timo Leinonen esittelee Kaarlo Marjasen, s. 14.<\/li><li>Pentti Huovinen kertoo blogissaan ajatuksiaan siit\u00e4, miten erilaiset hallitsijoiden bakteerisairaudet ovat voineet vaikuttaa historian kulkuun, s. 14.<\/li><li>Arno Kasvi kertoo haapapuista, s. 15.<\/li><li>Aulis Katajam\u00e4ki kertoo isosta kaksiosaiseksi halkaistusta J\u00e4niskivest\u00e4 ja pohdiskelee sit\u00e4, miten kivi on aikanaan halkaistu, s. 15.<\/li><\/ol>\n\n\n\n<p>KoroiSet 3\/2012 on luettavissa pdf -muodossa <a rel=\"noreferrer noopener\" aria-label=\"t\u00e4st\u00e4  (avautuu uudessa v\u00e4lilehdess\u00e4)\" href=\"http:\/\/www.koroinen.fi\/artikkelit\/wp-content\/uploads\/2020\/06\/KoroiSet_2012_03.pdf\" target=\"_blank\">t\u00e4st\u00e4 <\/a><\/p>\n\n\n<div class=\"wp-block-image\">\n<figure class=\"aligncenter size-large\"><img loading=\"lazy\" decoding=\"async\" width=\"723\" height=\"1024\" src=\"http:\/\/www.koroinen.fi\/artikkelit\/wp-content\/uploads\/2020\/06\/KoroiSet_2012_04-723x1024.jpeg\" alt=\"\" class=\"wp-image-1453\" srcset=\"https:\/\/www.koroinen.fi\/artikkelit\/wp-content\/uploads\/2020\/06\/KoroiSet_2012_04-723x1024.jpeg 723w, https:\/\/www.koroinen.fi\/artikkelit\/wp-content\/uploads\/2020\/06\/KoroiSet_2012_04-212x300.jpeg 212w, https:\/\/www.koroinen.fi\/artikkelit\/wp-content\/uploads\/2020\/06\/KoroiSet_2012_04-768x1087.jpeg 768w, https:\/\/www.koroinen.fi\/artikkelit\/wp-content\/uploads\/2020\/06\/KoroiSet_2012_04.jpeg 1049w\" sizes=\"auto, (max-width: 723px) 100vw, 723px\" \/><\/figure>\n<\/div>\n\n\n<h2 class=\"wp-block-heading\">KoroiSet 4\/2012 sis\u00e4lt\u00f6<\/h2>\n\n\n\n<ol class=\"wp-block-list\"><li>P\u00e4\u00e4kirjoituksessa Tapio Jokinen kirjoittaa kuntavaaleista ja Koroisten alueen kaavoituksesta, s. 2.&nbsp;<\/li><li>Maarian seurakunnan kirkkoherran Katri Rinteen joulutervehdys, s. 2.<\/li><li>Tiina Rinne esittelee pihakilpailun rivitalopihojen voittajan, s. 3.<\/li><li>Tuula Manner esittelee entisaikojen joulun viettoja Myllyojan talossa Paimalassa, s. 4.<\/li><li>It\u00e4-Maarian alueneuvoston puheenjohtajan Mika Ketolan joulutervehdys, s. 5.<\/li><li>Mija-Riitta Salo esittelee Operaatio Ruokakassin ja Haliskahvilan, s. 6.<\/li><li>Halisten helpotus ry esitell\u00e4\u00e4n, s, 7<\/li><li>Mirja-Riitta esittelee Halisten helpotus ry:n j\u00e4rjest\u00e4m\u00e4n sarjakuvakerhon ja sen toimintaa, s. 7.<\/li><li>Timo Leinonen kirjoittaa Halisten kyl\u00e4n varhaishistoriasta, s. 8 \u2013 10.<\/li><li>Mirja-Riitta Salo kertoo maahanmuuttajanaisille suunnatusta Opetuskoti Mustikasta, s. 10.<\/li><li>Pentti Huovinen kertoo blogissaan ajatuksiaan siit\u00e4, mit\u00e4 vaikutuksia kulttuurilla voi olla. Onko se ehk\u00e4 l\u00e4\u00e4kett\u00e4? s. 11.<\/li><li>Aulis Katajam\u00e4ki pohtii syksyn merkityst\u00e4 ihmisel\u00e4m\u00e4lle, s. 11.<\/li><li>Anna Meronen kertoo nuorista seurakunnan p\u00e4\u00e4t\u00f6sten tekoprosessien yhteydess\u00e4, s. 12.<\/li><li>Saara Markkula kirjoittaa kokemuksiaan ja havaintojaan matkallaan Afrikassa maaliskuussa 2012, s. 13.<\/li><li>Pirjo Ranti esittelee vuoden 2012 HaliSakan Emma Kososen ja HaliSukon Timo Leinosen, s. 14.<\/li><li>Hanna Nurmi esittelee Turun kristillisen opiston saaman laatupalkinnon ja sen perustelut, s. 15.<\/li><\/ol>\n\n\n\n<p>KoroiSet 4\/2012 on luettavissa pdf -muodossa <a href=\"http:\/\/www.koroinen.fi\/artikkelit\/wp-content\/uploads\/2020\/06\/KoroiSet_2012_04.pdf\" target=\"_blank\" rel=\"noreferrer noopener\" aria-label=\"t\u00e4st\u00e4 (avautuu uudessa v\u00e4lilehdess\u00e4)\">t\u00e4st\u00e4<\/a> <\/p>\n","protected":false},"excerpt":{"rendered":"<p>KoroiSet 1\/2012 sis\u00e4lt\u00f6<\/p>\n","protected":false},"author":1,"featured_media":2457,"comment_status":"closed","ping_status":"closed","sticky":false,"template":"","format":"standard","meta":{"footnotes":""},"categories":[13,41],"tags":[34,27],"class_list":["post-1459","post","type-post","status-publish","format-standard","has-post-thumbnail","hentry","category-historia","category-koroiset","tag-koroiset","tag-kotiseututyo"],"_links":{"self":[{"href":"https:\/\/www.koroinen.fi\/artikkelit\/wp-json\/wp\/v2\/posts\/1459","targetHints":{"allow":["GET"]}}],"collection":[{"href":"https:\/\/www.koroinen.fi\/artikkelit\/wp-json\/wp\/v2\/posts"}],"about":[{"href":"https:\/\/www.koroinen.fi\/artikkelit\/wp-json\/wp\/v2\/types\/post"}],"author":[{"embeddable":true,"href":"https:\/\/www.koroinen.fi\/artikkelit\/wp-json\/wp\/v2\/users\/1"}],"replies":[{"embeddable":true,"href":"https:\/\/www.koroinen.fi\/artikkelit\/wp-json\/wp\/v2\/comments?post=1459"}],"version-history":[{"count":25,"href":"https:\/\/www.koroinen.fi\/artikkelit\/wp-json\/wp\/v2\/posts\/1459\/revisions"}],"predecessor-version":[{"id":2474,"href":"https:\/\/www.koroinen.fi\/artikkelit\/wp-json\/wp\/v2\/posts\/1459\/revisions\/2474"}],"wp:featuredmedia":[{"embeddable":true,"href":"https:\/\/www.koroinen.fi\/artikkelit\/wp-json\/wp\/v2\/media\/2457"}],"wp:attachment":[{"href":"https:\/\/www.koroinen.fi\/artikkelit\/wp-json\/wp\/v2\/media?parent=1459"}],"wp:term":[{"taxonomy":"category","embeddable":true,"href":"https:\/\/www.koroinen.fi\/artikkelit\/wp-json\/wp\/v2\/categories?post=1459"},{"taxonomy":"post_tag","embeddable":true,"href":"https:\/\/www.koroinen.fi\/artikkelit\/wp-json\/wp\/v2\/tags?post=1459"}],"curies":[{"name":"wp","href":"https:\/\/api.w.org\/{rel}","templated":true}]}}