{"id":1317,"date":"2020-05-07T19:46:30","date_gmt":"2020-05-07T16:46:30","guid":{"rendered":"http:\/\/www.koroinen.fi\/artikkelit\/?p=1317"},"modified":"2023-03-08T16:33:26","modified_gmt":"2023-03-08T14:33:26","slug":"vuoden-2019-halisakka-tytti-issakainen","status":"publish","type":"post","link":"https:\/\/www.koroinen.fi\/artikkelit\/vuoden-2019-halisakka-tytti-issakainen\/","title":{"rendered":"Vuoden 2019 HaliSakka Tytti Issakainen"},"content":{"rendered":"<div class=\"wp-block-image is-style-rounded\">\n<figure class=\"aligncenter size-large\"><img loading=\"lazy\" decoding=\"async\" width=\"640\" height=\"480\" src=\"http:\/\/www.koroinen.fi\/artikkelit\/wp-content\/uploads\/2020\/05\/IMG_0174.jpeg\" alt=\"\" class=\"wp-image-1318\" srcset=\"https:\/\/www.koroinen.fi\/artikkelit\/wp-content\/uploads\/2020\/05\/IMG_0174.jpeg 640w, https:\/\/www.koroinen.fi\/artikkelit\/wp-content\/uploads\/2020\/05\/IMG_0174-300x225.jpeg 300w\" sizes=\"auto, (max-width: 640px) 100vw, 640px\" \/><figcaption>Halisakka Tytti Issakainen harrastaa kotiseutupyr\u00e4dyksi\u00e4. T\u00e4ss\u00e4 on pyr\u00e4hdetty rym\u00e4ttyl\u00e4l\u00e4iselle kalliolle. Hikisen nousun palkintona ovat upeat Airiston n\u00e4kym\u00e4t.<\/figcaption><\/figure>\n<\/div>\n\n\n<p>Halisakka ja -ukko on valittu vuosittain alueen yhteisen kev\u00e4ttapahtuman, HaliSillan yhteydess\u00e4 jo vuodesta 1994 l\u00e4htien.&nbsp;&nbsp;Valinnan on tehnyt Kotiseutuyhdistys Halinen-R\u00e4nt\u00e4m\u00e4ki ry:n hallitus keskusteltuaan alueen muiden toimijoiden ja asukkaiden kanssa. <\/p>\n\n\n\n<p>Valinnan perusteena on pidetty sit\u00e4, ett\u00e4 ehdokas tunnetaan alueella monipuolisena ja aktiivisena toimijana. H\u00e4nell\u00e4 on yhteyksi\u00e4 erilaisiin organisaatioihin mm. kaupunkiin ja seurakuntayhtym\u00e4\u00e4n sek\u00e4 moninaisesti liike-el\u00e4m\u00e4\u00e4n. H\u00e4n on &#8221;luonnikas ja hyv\u00e4 tyyppi&#8221;.&nbsp;&nbsp;Lis\u00e4ksi h\u00e4nen on toivottu asuvan alueella.<\/p>\n\n\n\n<!--more-->\n\n\n<div class=\"wp-block-image is-style-rounded\">\n<figure class=\"aligncenter size-medium\"><img loading=\"lazy\" decoding=\"async\" width=\"228\" height=\"300\" src=\"http:\/\/www.koroinen.fi\/artikkelit\/wp-content\/uploads\/2019\/06\/IMG_2561-228x300.jpeg\" alt=\"\" class=\"wp-image-987\" srcset=\"https:\/\/www.koroinen.fi\/artikkelit\/wp-content\/uploads\/2019\/06\/IMG_2561-228x300.jpeg 228w, https:\/\/www.koroinen.fi\/artikkelit\/wp-content\/uploads\/2019\/06\/IMG_2561-768x1011.jpeg 768w, https:\/\/www.koroinen.fi\/artikkelit\/wp-content\/uploads\/2019\/06\/IMG_2561-778x1024.jpeg 778w\" sizes=\"auto, (max-width: 228px) 100vw, 228px\" \/><figcaption>Tytti Issakainen on juuri valittu vuoden 2019 HaliSakaksi. <br>Kuva: Timo Leinonen<\/figcaption><\/figure>\n<\/div>\n\n\n<p>Tytti Issakainen tunnetaan monipuolisena kirjailijana, tiedottajana sek\u00e4 viestinn\u00e4n kouluttajana, onpa h\u00e4n suorittanut my\u00f6s ammatillisen opettajan tutkinnon.<\/p>\n\n\n\n<p>Tytti oli mukana usean vuoden ajan Koroiset-lehden toimituskunnassa ja kirjoitti siihen juttuja. Lehden toimitussihteerin\u00e4 h\u00e4n toimi 2015\u20132017. Valitettavasti vapaaehtoisty\u00f6n\u00e4 toimitettu hieno, alueen asukkaita yhdist\u00e4nyt lehti on lakannut ilmestym\u00e4st\u00e4, mutta ovathan Koroinen-sivut olemassa!<\/p>\n\n\n\n<p>Tytin k\u00e4dest\u00e4 on l\u00e4htenyt monia runoja, n\u00e4ytelmi\u00e4, virsi- ja laulumuokkauksia, n\u00e4ytelmi\u00e4, opetusaineistoja ja oppikirjoja. Rippikoululaiset tuntevat&nbsp;<em>Rippikoululaisen kirjan<\/em>&nbsp;sek\u00e4 lapsille tarkoitetun&nbsp;<em>Atte ja Anna<\/em>-sarjan. Erityisesti muistamme upean&nbsp;<em>Toivon laiva<\/em>&nbsp;-esityksen Suomen luterilaisen kirkon 500-vuotisjuhlassa Tuomiokirkkotorilla vuonna 2000.<\/p>\n\n\n\n<p>Tytti Issakainen teki Mikael Agricolan juhlavuoden p\u00e4\u00e4juhlan k\u00e4sikirjoituksen vuonna 2007 ja samana vuonna kirkkon\u00e4ytelm\u00e4n&nbsp;<em>Vihan p\u00e4iv\u00e4t 1918<\/em>&nbsp;Tampereen tuomiokirkkoon. H\u00e4n k\u00e4sikirjoitti my\u00f6s Reformaation merkkivuoden 2017 Tuomiokirkon ymp\u00e4rist\u00f6ss\u00e4 j\u00e4rjestetyn avajaistapahtuman sek\u00e4 Logomossa pidetyn p\u00e4\u00e4juhlatapahtuman. Tapahtumak\u00e4sikirjoitukset ovat syntyneet yhteisty\u00f6ss\u00e4 ideoivien ty\u00f6ryhmien kanssa.<\/p>\n\n\n\n<p>Tytti\u00e4 kiinnostaa paikallishistoria. Maarian pappilaan on sijoittunut h\u00e4nen kaksi n\u00e4ytelm\u00e4\u00e4ns\u00e4. Kirkkoherra, runoilija Jaakko Haaviosta kertova&nbsp;<em>Sain kauniin el\u00e4m\u00e4n<\/em>esitettiin vuonna 2004. Kirjailija Harri Raittiin kanssa k\u00e4sikirjoitettu&nbsp;<em>Ihmisen j\u00e4lki<\/em>&nbsp;toi pappilan pihapiiriin kirkkoherra Ivar Tallgrenin kulttuuriperheen Turun kulttuurip\u00e4\u00e4kaupunkivuonna 2011.<\/p>\n\n\n\n<p>Monipuolisesta ja hyvin merkitt\u00e4v\u00e4st\u00e4 kirjallisesta toiminnasta kirkon hyv\u00e4ksi Tytti Issakainen sai vuonna 2007 Kirkon kulttuuripalkinnon.<\/p>\n\n\n\n<p><strong>Olet koulutukseltasi filosofian maisteri. Mit\u00e4 opiskelit ja miten p\u00e4\u00e4dyit opiskelemaan n\u00e4it\u00e4 aineita?<\/strong><\/p>\n\n\n\n<p>Ihmisen ihmeellinen v\u00e4line, kielellinen ilmaisu, on kiehtonut minua lapsesta asti. Valkolakin saaneena lahtelaistytt\u00f6n\u00e4 aloitin 1969 Helsingin yliopistossa suomen kielen opinnot, mutta siirryin sitten opiskelemaan etup\u00e4\u00e4ss\u00e4 kirjallisuutta. P\u00e4\u00e4aineeni oli teatteritiede. Tutkielma-aiheenani olivat ohjaaja Sakari Puurusen oopperaohjaukset. Huikean kiinnostava aihe!<\/p>\n\n\n\n<p><strong>Ent\u00e4 tuo ammatillisen opettajan tutkinto<\/strong>? <strong>Miten se syntyi, kokemus opettajana?<\/strong><\/p>\n\n\n\n<p>Olen tehnyt enimm\u00e4n ty\u00f6urani viestinn\u00e4n parissa eri teht\u00e4viss\u00e4, ennen kaikkea kansanopistoissa, viimeisimm\u00e4ksi Turun kristillisess\u00e4 opistossa. 1990-luvun lopulla olin mukana suunnittelemassa opistoon medianomikoulutusta, josta sitten tuli Diakonia-ammattikoulun viestinn\u00e4n koulutusohjelma. Nykyisin se on osa Turun amk:n koulutusta. Amk-opetusteht\u00e4v\u00e4\u00e4n tarvittiin ammatillisen opettajan tutkinto, mutta janosin my\u00f6s vahvistusta opetustapoihin. Suoritin tutkinnon ty\u00f6n ohessa.<\/p>\n\n\n\n<p>Parhaat opettajani olivat itse viestinn\u00e4n opiskelijat. Oli upeaa saada ty\u00f6skennell\u00e4 luovuutta ja el\u00e4m\u00e4\u00e4 pursuavien nuorten ihmisten kanssa. Olen sittemmin iloisena seurannut heid\u00e4n sijoittumistaan mediamaailmaan.<\/p>\n\n\n\n<p><strong>Miten Sinusta tuli kirjailija?<\/strong><\/p>\n\n\n\n<p>Ensimm\u00e4inen \u201drunokirja\u201d, kiilt\u00e4v\u00e4kantinen ruutuvihko, t\u00e4yttyi riimillisist\u00e4 runoista, kun olin 7\u20138-vuotias. Kansakouluvuosina toimitimme yst\u00e4v\u00e4ni ja veljeni kanssa k\u00e4sinkirjoitettua ja -kuvitettua hassuttelevaa lehte\u00e4. Lukioaikoina kirjoitin juttuja paikalliseen lehteen, runoja p\u00f6yt\u00e4laatikkoon ja n\u00e4ytelmi\u00e4 seurakuntanuorten toimintaan. Opiskeluvuosina 1970-luvulla ilmestyiv\u00e4t laulutekstej\u00e4 sis\u00e4lt\u00e4v\u00e4 runokirja ja lauluista koottu levy&nbsp;<em>El\u00e4m\u00e4 alkaa taas<\/em>&nbsp;\u201dihan oikealta kustantajalta\u201d.<\/p>\n\n\n\n<p>Sittemmin olen toiminut monissa inspiroivissa ty\u00f6ryhmiss\u00e4 julkaisujen k\u00e4sikirjoittajana tai toimittajana. Viimeisimm\u00e4ksi n\u00e4in ovat syntyneet&nbsp;<em>Turun tuomiokirkko \u2013 Opas seitsem\u00e4\u00e4n vuosisataan<\/em>&nbsp;sek\u00e4 lastenkirja&nbsp;<em>A sanoi Agricola<\/em>. Lis\u00e4ksi olen tehnyt itsen\u00e4isi\u00e4 omia teoksia.<\/p>\n\n\n\n<p>Kirjoittaminen on ollut luonteva osa el\u00e4m\u00e4\u00e4ni aina. Paperi on k\u00e4rsiv\u00e4llinen. Se jaksaa odottaa hiljalleen muotoutuvia ajatuksia.<\/p>\n\n\n\n<p><strong>Mist\u00e4 pulppuaa virsien ja runojen sanoitukset tai n\u00e4ytelm\u00e4n &#8221;juonet&#8221;?&nbsp;&nbsp;Olet sanonut, ett\u00e4 virret ne vasta superfoodia ovatkin. Mit\u00e4 tarkoitat?<\/strong><\/p>\n\n\n\n<p>N\u00e4ytelmien innoituksena on usein historia, siell\u00e4 ihmisten erilaiset el\u00e4m\u00e4nvaiheet. Todellisuus on usein tarua ihmeellisemp\u00e4\u00e4! Ei tarvitse paljoakaan itse keksi\u00e4 juonta, ennemminkin v\u00e4lill\u00e4 t\u00e4ytyy v\u00e4h\u00e4n jarrutella, kun todellisuuden tapahtumat ovat niin mielikuvituksellisia. Olen utelias tiet\u00e4m\u00e4\u00e4n, miten ihmiset ovat el\u00e4neet ja miten he ovat selvinneet suuristakin vaikeuksista. Esimerkiksi Maarian kirkon ja pappilan, Koroisten ja Halisten historia hakee kiehtovuudessa vertaistaan!<\/p>\n\n\n\n<p>Virret kantavat mukanaan yli tuhatvuotista, moneen kertaan koeteltua el\u00e4m\u00e4n- ja uskonn\u00e4kemyst\u00e4. Ne eiv\u00e4t v\u00e4ist\u00e4 ihmisen kipua ja kysymyksi\u00e4. Samalla ne avaavat uskon ja toivon, valon ja rakkauden n\u00e4k\u00f6aloja pimein\u00e4kin aikoina. Virret ruokkivat sisint\u00e4mme. Hauraskin luottamus Jumalaan on koko el\u00e4m\u00e4\u00e4 kannatteleva voima.<\/p>\n\n\n\n<p><strong>Asut Maarian seurakunnan alueella. Miten koet yhteyden seurakuntaan, miss\u00e4 kaikessa olet mukana?<\/strong><\/p>\n\n\n\n<p>Seurakunta on 15-kes\u00e4isest\u00e4 asti ollut minulle perhe ja yhteis\u00f6, johon kuulun. Aktiivisesti olen ehtinyt Maarian toimintaan vasta el\u00e4kevuosina. Olen mukana It\u00e4-Maarian alueneuvostossa ja evankelioimisen tukitiimiss\u00e4. Koetan k\u00e4ytt\u00e4\u00e4 omaa lajiani, tekstin tekemist\u00e4, seurakunnan hyv\u00e4ksi.<\/p>\n\n\n\n<p><strong>Olet toiminut kauan Maarian seurakunnan It\u00e4-Maarian alueneuvostossa, johon alueena my\u00f6s Halinen kuuluu. Millaisena n\u00e4et alueneuvoston roolin ja teht\u00e4v\u00e4n?<\/strong><\/p>\n\n\n\n<p>Alueneuvosto on parhaimmillaan innostuneiden ihmisten joukko, joka tuntee alueensa asukkaita ja heid\u00e4n tarpeitaan ja aukoo heille ovia seurakuntaan. Se kehittelee tapahtumia, joihin mahdollisimman moni asukas voi osallistua vapaaehtoisty\u00f6ntekij\u00e4n\u00e4 tai tilaisuudessa k\u00e4vij\u00e4n\u00e4 ja tulisi siell\u00e4 ravituksi. Sielulle tarjoavat ravintoa muun muassa Maarian messu, ruumista ravitsevat esimerkiksi Halisten ruuanjakelut, \u00e4lylle ja mielikuvitukselle antavat aineksia paikallishistoriaa k\u00e4sittelev\u00e4t tilaisuudet kuten Koroisten ristin kes\u00e4tapahtumat.<\/p>\n\n\n\n<p>Olisi hienoa, jos halislaiset l\u00e4hett\u00e4isiv\u00e4t ideoita alueneuvostolleen!<\/p>\n\n\n\n<p><strong>Miten viet\u00e4t vapaa-aikaasi muuten kuin kirjoittamalla?<\/strong><\/p>\n\n\n\n<p>Liikun paljon luonnossa, milloin mets\u00e4polkuja tarpoen, milloin marjastaen ja sienest\u00e4en. Teemme mieheni kanssa ahkerasti pieni\u00e4 kotiseutupyr\u00e4hdyksi\u00e4 ja k\u00e4ymme katsomassa varsinkin arkeologisesti kiinnostavia kohteita. Kes\u00e4m\u00f6kkimme kasvimaa Maariassa on kuntosalini ja loputon, mutta innostava ty\u00f6leiri. N\u00e4iden ohessa on aina meneill\u00e4\u00e4n pari kirjaa.<\/p>\n\n\n\n<p>Kiitos, Tytti haastattelusta! Toivotan Sinulle aurinkoista kes\u00e4\u00e4!<\/p>\n\n\n\n<p>Teksti: Pirjo Ranti <br>Kuva: Jouni Issakainen<\/p>\n","protected":false},"excerpt":{"rendered":"<p>Halisakka ja -ukko on valittu vuosittain alueen yhteisen kev\u00e4ttapahtuman, HaliSillan yhteydess\u00e4 jo vuodesta 1994 l\u00e4htien.&nbsp;&nbsp;Valinnan on tehnyt Kotiseutuyhdistys Halinen-R\u00e4nt\u00e4m\u00e4ki ry:n hallitus keskusteltuaan alueen muiden toimijoiden ja asukkaiden kanssa. Valinnan perusteena on pidetty sit\u00e4, ett\u00e4 ehdokas tunnetaan alueella monipuolisena ja aktiivisena toimijana. H\u00e4nell\u00e4 on yhteyksi\u00e4 erilaisiin organisaatioihin mm. kaupunkiin ja seurakuntayhtym\u00e4\u00e4n sek\u00e4 moninaisesti liike-el\u00e4m\u00e4\u00e4n. H\u00e4n on &#8230; <a title=\"Vuoden 2019 HaliSakka Tytti Issakainen\" class=\"read-more\" href=\"https:\/\/www.koroinen.fi\/artikkelit\/vuoden-2019-halisakka-tytti-issakainen\/\" aria-label=\"Lue lis\u00e4\u00e4 aiheesta Vuoden 2019 HaliSakka Tytti Issakainen\">Lue lis\u00e4\u00e4<\/a><\/p>\n","protected":false},"author":1,"featured_media":2457,"comment_status":"closed","ping_status":"closed","sticky":false,"template":"","format":"standard","meta":{"footnotes":""},"categories":[64,41],"tags":[60,33,34],"class_list":["post-1317","post","type-post","status-publish","format-standard","has-post-thumbnail","hentry","category-halisviikko","category-koroiset","tag-halisakka","tag-halisilta","tag-koroiset"],"_links":{"self":[{"href":"https:\/\/www.koroinen.fi\/artikkelit\/wp-json\/wp\/v2\/posts\/1317","targetHints":{"allow":["GET"]}}],"collection":[{"href":"https:\/\/www.koroinen.fi\/artikkelit\/wp-json\/wp\/v2\/posts"}],"about":[{"href":"https:\/\/www.koroinen.fi\/artikkelit\/wp-json\/wp\/v2\/types\/post"}],"author":[{"embeddable":true,"href":"https:\/\/www.koroinen.fi\/artikkelit\/wp-json\/wp\/v2\/users\/1"}],"replies":[{"embeddable":true,"href":"https:\/\/www.koroinen.fi\/artikkelit\/wp-json\/wp\/v2\/comments?post=1317"}],"version-history":[{"count":9,"href":"https:\/\/www.koroinen.fi\/artikkelit\/wp-json\/wp\/v2\/posts\/1317\/revisions"}],"predecessor-version":[{"id":2484,"href":"https:\/\/www.koroinen.fi\/artikkelit\/wp-json\/wp\/v2\/posts\/1317\/revisions\/2484"}],"wp:featuredmedia":[{"embeddable":true,"href":"https:\/\/www.koroinen.fi\/artikkelit\/wp-json\/wp\/v2\/media\/2457"}],"wp:attachment":[{"href":"https:\/\/www.koroinen.fi\/artikkelit\/wp-json\/wp\/v2\/media?parent=1317"}],"wp:term":[{"taxonomy":"category","embeddable":true,"href":"https:\/\/www.koroinen.fi\/artikkelit\/wp-json\/wp\/v2\/categories?post=1317"},{"taxonomy":"post_tag","embeddable":true,"href":"https:\/\/www.koroinen.fi\/artikkelit\/wp-json\/wp\/v2\/tags?post=1317"}],"curies":[{"name":"wp","href":"https:\/\/api.w.org\/{rel}","templated":true}]}}