{"id":1260,"date":"2020-04-17T20:21:23","date_gmt":"2020-04-17T17:21:23","guid":{"rendered":"http:\/\/www.koroinen.fi\/artikkelit\/?p=1260"},"modified":"2023-03-08T16:36:41","modified_gmt":"2023-03-08T14:36:41","slug":"koroiset-lehtien-julkaisusarja-jatkuu","status":"publish","type":"post","link":"https:\/\/www.koroinen.fi\/artikkelit\/koroiset-lehtien-julkaisusarja-jatkuu\/","title":{"rendered":"KoroiSet -lehtien julkaisusarja jatkuu &#8211; nyt vuosi 2009"},"content":{"rendered":"<div class=\"wp-block-image\">\n<figure class=\"aligncenter size-large\"><img loading=\"lazy\" decoding=\"async\" width=\"725\" height=\"1024\" src=\"http:\/\/www.koroinen.fi\/artikkelit\/wp-content\/uploads\/2020\/04\/KoroiSet-2009_01.indd_-725x1024.jpeg\" alt=\"\" class=\"wp-image-1203\" srcset=\"https:\/\/www.koroinen.fi\/artikkelit\/wp-content\/uploads\/2020\/04\/KoroiSet-2009_01.indd_-725x1024.jpeg 725w, https:\/\/www.koroinen.fi\/artikkelit\/wp-content\/uploads\/2020\/04\/KoroiSet-2009_01.indd_-212x300.jpeg 212w, https:\/\/www.koroinen.fi\/artikkelit\/wp-content\/uploads\/2020\/04\/KoroiSet-2009_01.indd_-768x1085.jpeg 768w, https:\/\/www.koroinen.fi\/artikkelit\/wp-content\/uploads\/2020\/04\/KoroiSet-2009_01.indd_.jpeg 877w\" sizes=\"auto, (max-width: 725px) 100vw, 725px\" \/><\/figure>\n<\/div>\n\n\n<h2 class=\"wp-block-heading\">KoroiSet 1\/2009:n sis\u00e4lt\u00f6\u00e4<\/h2>\n\n\n\n<!--more-->\n\n\n\n<ol class=\"wp-block-list\"><li>Tapio Jokinen k\u00e4sittelee p\u00e4\u00e4kirjoituksessa KoroiSet \u2013 lehden taloutta ja roolia kulttuurip\u00e4\u00e4kaupunki 2011 \u2013 hankkeessa, s. 2.<\/li><li>Hamaron pienkiinteist\u00f6yhdistys ry:n puheenjohtaja Arja Iho selvitt\u00e4\u00e4 yhdistyksen hanketta R\u00e4im\u00e4n kent\u00e4n kehitt\u00e4miseksi, s. 2.<\/li><li>Rakennusneuvos Raimo Narjuksen artikkeli Halisten katujen nimist\u00e4, s. 3.<\/li><li>Johanna Laineen artikkeli Halikolo -p\u00e4iv\u00e4kodista ja Muu Maa Mustikka -projektista, s. 4.<\/li><li>Hanna Koiviston artikkeli perhep\u00e4iv\u00e4hoidosta, s. 5.<\/li><li>Pentti Levosen ja Olli Yl\u00f6sen artikkelit kalastuksesta Aurajoesta, s. 6.<\/li><li>P\u00e4ivi Eskolan selvitys Maarian allasalueen kehityssuunnitelmista, s. 7.<\/li><li>Timo Leinosen katsaus Turun vesihuollon historiaan, s. 9 \u2013 10.<\/li><li>Tytti Issakaisen selvitys KoroiSet -lehden hankkeesta \u201dKoroinen \u2013 Turun syntysija\u201d, s. 10.<\/li><li>Pentti Huovisen \u201dblogikirjoitus\u201d:&nbsp;<em>Kalorirajoitus parantaa muistia<\/em>. s. 12.<\/li><li>Johannes Koroman kertomus sukunsa vaiheista Koroisten piispantilalla. s. 15.<\/li><li>Tytti Issakaisen muistiin merkint\u00e4 evakkoperheen tulosta Maarian pappilaan, s. 16.<\/li><\/ol>\n\n\n\n<p>KoroiSet 1\/2009 on luettavissa pdf -muodossa <a rel=\"noreferrer noopener\" aria-label=\"t\u00e4st\u00e4  (avautuu uudessa v\u00e4lilehdess\u00e4)\" href=\"http:\/\/www.koroinen.fi\/artikkelit\/wp-content\/uploads\/2020\/04\/KoroiSet-2009_01.pdf\" target=\"_blank\">t\u00e4st\u00e4 <\/a><\/p>\n\n\n<div class=\"wp-block-image\">\n<figure class=\"aligncenter size-large\"><img loading=\"lazy\" decoding=\"async\" width=\"723\" height=\"1024\" src=\"http:\/\/www.koroinen.fi\/artikkelit\/wp-content\/uploads\/2020\/04\/KoroiSet-2009_02.indd_-723x1024.jpeg\" alt=\"\" class=\"wp-image-1204\" srcset=\"https:\/\/www.koroinen.fi\/artikkelit\/wp-content\/uploads\/2020\/04\/KoroiSet-2009_02.indd_-723x1024.jpeg 723w, https:\/\/www.koroinen.fi\/artikkelit\/wp-content\/uploads\/2020\/04\/KoroiSet-2009_02.indd_-212x300.jpeg 212w, https:\/\/www.koroinen.fi\/artikkelit\/wp-content\/uploads\/2020\/04\/KoroiSet-2009_02.indd_-768x1087.jpeg 768w, https:\/\/www.koroinen.fi\/artikkelit\/wp-content\/uploads\/2020\/04\/KoroiSet-2009_02.indd_.jpeg 875w\" sizes=\"auto, (max-width: 723px) 100vw, 723px\" \/><\/figure>\n<\/div>\n\n\n<h2 class=\"wp-block-heading\">KoroiSet 2\/2009:n sis\u00e4lt\u00f6\u00e4<\/h2>\n\n\n\n<ol class=\"wp-block-list\"><li>P\u00e4\u00e4kirjoituksessa Tapio Jokinen esittelee alueelle kaavailtuja j\u00e4tteenk\u00e4sittelylaitosten ymp\u00e4rist\u00f6lupa-asioita ja kes\u00e4n kalastuskilpailua, s. 2.<\/li><li>Hanna Nurmi kertoo R\u00e4im\u00e4n talon viime vaiheista, s. 2.<\/li><li>Rakennusneuvos Raimo Narjuksen artikkeli R\u00e4nt\u00e4m\u00e4en paikkojen ja katujen nimist\u00e4, s. 3.<\/li><li>Projektip\u00e4\u00e4llikk\u00f6 Ritva Hauvonen esittelee Lieto \u2013 Koroinen 110 kV kaksoisjohdon rakentamista, s. 5.<\/li><li>Virpi Lummevuo kertoo Maarian ulkoilureitin rakentamisesta ja P\u00e4iv\u00e4 Eskola Maarian Allas ry:n rekister\u00f6innist\u00e4, s. 6.<\/li><li>Timo Leinosen artikkeli saviteollisuuden synnyst\u00e4 ja historiasta Aurajoen rannoilla, s. 8 \u2013 10.<\/li><li>Alueen parturiliikkeiden esittelyj\u00e4; kirjoittajina Ann-Christin Antell, Tuula Manner ja Hanna Nurmi, s. 10 &#8211; 11.<\/li><li>Pentti Huovisen \u201dblogikirjotus\u201d tietotekniikan mahdollisuuksista:&nbsp;<em>Tulevaisuudessa viihdyt ty\u00f6paikallasi paremmin!<\/em>&nbsp;s. 13.<\/li><\/ol>\n\n\n\n<p>KoroiSet 2\/2009 on luettavissa pdf -muodossa <a rel=\"noreferrer noopener\" aria-label=\"t\u00e4st\u00e4  (avautuu uudessa v\u00e4lilehdess\u00e4)\" href=\"http:\/\/www.koroinen.fi\/artikkelit\/wp-content\/uploads\/2020\/04\/KoroiSet-2009_02.pdf\" target=\"_blank\">t\u00e4st\u00e4 <\/a><\/p>\n\n\n<div class=\"wp-block-image\">\n<figure class=\"aligncenter size-large\"><img loading=\"lazy\" decoding=\"async\" width=\"721\" height=\"1024\" src=\"http:\/\/www.koroinen.fi\/artikkelit\/wp-content\/uploads\/2020\/04\/KoroiSet-2009_03.indd_-721x1024.jpeg\" alt=\"\" class=\"wp-image-1205\" srcset=\"https:\/\/www.koroinen.fi\/artikkelit\/wp-content\/uploads\/2020\/04\/KoroiSet-2009_03.indd_-721x1024.jpeg 721w, https:\/\/www.koroinen.fi\/artikkelit\/wp-content\/uploads\/2020\/04\/KoroiSet-2009_03.indd_-211x300.jpeg 211w, https:\/\/www.koroinen.fi\/artikkelit\/wp-content\/uploads\/2020\/04\/KoroiSet-2009_03.indd_-768x1091.jpeg 768w, https:\/\/www.koroinen.fi\/artikkelit\/wp-content\/uploads\/2020\/04\/KoroiSet-2009_03.indd_.jpeg 871w\" sizes=\"auto, (max-width: 721px) 100vw, 721px\" \/><\/figure>\n<\/div>\n\n\n<h2 class=\"wp-block-heading\">KoroiSet 3\/2009:n sis\u00e4lt\u00f6<\/h2>\n\n\n\n<ol class=\"wp-block-list\"><li>P\u00e4\u00e4kirjoituksessa Tapio Jokinen esittelee projektia, jossa hankittiin liikuntav\u00e4lineit\u00e4 Halisten kouluun alueen koululaisten lainattavaksi, s. 2.<\/li><li>Aleksi Randell esittelee kaupunginhallituksen puheenjohtajana Turun tapahtumia, erityisesti kulttuurivuotta 2011 ajatellen, s. 2.<\/li><li>Hanna Nurmi esittelee valokuvien pohjalta Hamaron Isotalon ennen vuotta 1918 ja vuonna 2009 .&nbsp;<\/li><li>Rakennusneuvos Raimo Narjus kertoo Orikedon paikannimien, erityisesti teiden ja katujen nimihistoriasta, s. 3.<\/li><li>Pirkko Kunnari kertoo Koroisten talojen purku ja kunnostustoiminnasta, s. 3.<\/li><li>Ann-Christin Antell haastattelee Halisten \u00e4ij\u00e4\u00e4, taitelija Pappa Rantasta, s. 4.<\/li><li>Henna Junttila kertoo Opetuskoti Mustikasta, s. 4.<\/li><li>P\u00e4ivi K. Eskola kirjoittaa Maarian altaan kuulumisista, s. 5.<\/li><li>Pertti Pussinen kertoo Maarian kirkosta, s. 6.<\/li><li>Virpi Lummevuo esittelee alueella toimivan liikelahja- ja myynninedist\u00e4mistuotteiden toimittajayhti\u00f6n, Mastermark Oy:n, s. 7.<\/li><li>Timo Leinonen esittelee Halisten kosken teollisuuden historian 1800-luvun alkuun saakka, s.&nbsp;&nbsp;8-9.<\/li><li>Tuula Manner esittelee kes\u00e4n Halisten onkikilpailujen tulokset, s. 10.<\/li><li>Tytti Issakainen kertoo tarinan siit\u00e4, miten Koroisten taloihin rakennettiin vesijohdot, viem\u00e4rit ja keskusl\u00e4mmitysj\u00e4rjestelm\u00e4, s. 10.<\/li><li>Pirjo Ranti kertoo HaliSillasta toukokuussa 2009, s. 11.<\/li><li>Aulis Katajam\u00e4ki kertoo Suojeluskunnan ampuradasta, joka aikoinaan sijaitsi Paavikadun loppup\u00e4\u00e4ss\u00e4, s. 12.<\/li><li>Pullervo P\u00f6ll\u00f6 kertoo Nummen kirjaston kuulumisista, s. 13,<\/li><li>Pentti Huovinen kirjoittaa nauramisen ja suutelemisen fysiologisesta perustasta, s. 13.<\/li><li>Jukka Surakka kirjottaa Nummen kirjaston muutost\u00f6ist\u00e4, s. 14.<\/li><li>Pentti Kosonen kirjoittaa Turun vesihuollon varmistamistarpeesta, s. 15.<\/li><li>Arja Iho kertoo Hamaron EU-yhteis\u00f6hankkeen kuulumisista, s. 15.<\/li><li>Elina Vesanen kertoo Turun p\u00e4iv\u00e4n tapahtumista Halisten koskella, s. 16.<\/li><\/ol>\n\n\n\n<p>KoroiSet 3\/2009 on luettavissa pdf -muodossa <a rel=\"noreferrer noopener\" aria-label=\"t\u00e4st\u00e4  (avautuu uudessa v\u00e4lilehdess\u00e4)\" href=\"http:\/\/www.koroinen.fi\/artikkelit\/wp-content\/uploads\/2020\/04\/KoroiSet-2009_03.pdf\" target=\"_blank\">t\u00e4st\u00e4 <\/a><\/p>\n\n\n<div class=\"wp-block-image\">\n<figure class=\"aligncenter size-large\"><img loading=\"lazy\" decoding=\"async\" width=\"723\" height=\"1024\" src=\"http:\/\/www.koroinen.fi\/artikkelit\/wp-content\/uploads\/2020\/04\/KoroiSet-2009_04.indd_-723x1024.jpeg\" alt=\"\" class=\"wp-image-1206\" srcset=\"https:\/\/www.koroinen.fi\/artikkelit\/wp-content\/uploads\/2020\/04\/KoroiSet-2009_04.indd_-723x1024.jpeg 723w, https:\/\/www.koroinen.fi\/artikkelit\/wp-content\/uploads\/2020\/04\/KoroiSet-2009_04.indd_-212x300.jpeg 212w, https:\/\/www.koroinen.fi\/artikkelit\/wp-content\/uploads\/2020\/04\/KoroiSet-2009_04.indd_-768x1088.jpeg 768w, https:\/\/www.koroinen.fi\/artikkelit\/wp-content\/uploads\/2020\/04\/KoroiSet-2009_04.indd_.jpeg 871w\" sizes=\"auto, (max-width: 723px) 100vw, 723px\" \/><\/figure>\n<\/div>\n\n\n<h2 class=\"wp-block-heading\">KoroiSet 4\/2009:n sis\u00e4lt\u00f6<\/h2>\n\n\n\n<ol class=\"wp-block-list\"><li>P\u00e4\u00e4kirjoituksessa Tapio Jokinen esittelee alueella kaavaillun 150&nbsp;000 tonnia j\u00e4tett\u00e4 k\u00e4sittelev\u00e4n polttolaitoksen ymp\u00e4rist\u00f6luvan torjuntaprosessia ja vanhan laitoksen tulevaisuutta, s. 2.<\/li><li>Johannes Koroma esittelee sukujuuriaan ja suvun aikaan saannoksia alueella Koroisten kartanon vuokraajina, s. 2.<\/li><li>Hanna Nurmi esittelee Niuskalan talon navettaa vuosilta 1955 ja vuonna 2009 olevien valokuvien pohjalta, s. 3.&nbsp;<\/li><li>Turun kulttuurivuoden n\u00e4ytelm\u00e4n Ihmisen j\u00e4lki \u2013 n\u00e4ytelm\u00e4n tuottaja Jaana Rantala ja k\u00e4sikirjoittaja Tytti Issakainen esittelev\u00e4t projektiaan, s. 3.<\/li><li>Kirjastov\u00e4ki esittele uusitun Nummen kirjaston kuulumisia, s. 4.<\/li><li>Virpi Lummevuo esittelee Lounais-Suomen kalastusalueen is\u00e4nn\u00f6itsij\u00e4n Olli Yl\u00f6sen, s. 5.<\/li><li>Marko Lehtokari esittelee alueen j\u00e4tehuoltoj\u00e4rjestelm\u00e4\u00e4, s. 6.<\/li><li>Hanna Nurmi esittelee rakennusneuvos Raimo Narjuksen ja h\u00e4nen el\u00e4m\u00e4nty\u00f6t\u00e4\u00e4n, s. 6.<\/li><li>Juho Niemel\u00e4 kirjoittaa Maarian seurakunnassa pidetyst\u00e4 piispantarkastuksesta, s. 7.<\/li><li>Heimo Rinne esittelee ekumeenisesta Juhlamessusta 1.11.2009, s. 7.<\/li><li>Timo Leinonen esittelee Halisten teollisuushistorian 1800 \u2013 luvun alusta vesilaitoksen aikaan, s. 8 &#8211; 9.<\/li><li>Ann-Christin Antell kirjoittaa Mont Blancin valloittajaryhm\u00e4n retkest\u00e4 elokuussa 2009, s. 10.<\/li><li>Ann-Christin Antell kertoo asumisoikeusasumisesta Halisissa ja R\u00e4nt\u00e4m\u00e4ess\u00e4, s. 11.<\/li><li>Virpi Lummevuo kertoo Paimalan koulusta, s. 11.<\/li><li>Pentti Huovinen kirjoittaa sikainfluenssan torjuntamahdollisuuksista, s. 12.<\/li><li>Aulis Katajam\u00e4ki muistelee lapsuusaikojensa jouluja Halisissa, s. 13.<\/li><li>Pullervo P\u00f6ll\u00f6 kertoo kuulumisiaan Nummen kirjaston y\u00f6vahtina, s. 13.<\/li><li>Susanna Heikkinen kertoo Aino-kuorosta, s. 14.<\/li><li>Pentti Kosonen kirjoittaa j\u00e4tteenpolttolaisten omistus- ja sijoitusmahdollisuuksista, s. 15.<\/li><\/ol>\n\n\n\n<p>KoroiSet 4\/2009 on luettavissa pdf -muodossa <a href=\"http:\/\/www.koroinen.fi\/artikkelit\/wp-content\/uploads\/2020\/04\/KoroiSet-2009_04.pdf\" target=\"_blank\" rel=\"noreferrer noopener\" aria-label=\"t\u00e4st\u00e4  (avautuu uudessa v\u00e4lilehdess\u00e4)\">t\u00e4st\u00e4 <\/a><\/p>\n","protected":false},"excerpt":{"rendered":"<p>KoroiSet 1\/2009:n sis\u00e4lt\u00f6\u00e4<\/p>\n","protected":false},"author":1,"featured_media":2457,"comment_status":"closed","ping_status":"closed","sticky":false,"template":"","format":"standard","meta":{"footnotes":""},"categories":[13,41],"tags":[],"class_list":["post-1260","post","type-post","status-publish","format-standard","has-post-thumbnail","hentry","category-historia","category-koroiset"],"_links":{"self":[{"href":"https:\/\/www.koroinen.fi\/artikkelit\/wp-json\/wp\/v2\/posts\/1260","targetHints":{"allow":["GET"]}}],"collection":[{"href":"https:\/\/www.koroinen.fi\/artikkelit\/wp-json\/wp\/v2\/posts"}],"about":[{"href":"https:\/\/www.koroinen.fi\/artikkelit\/wp-json\/wp\/v2\/types\/post"}],"author":[{"embeddable":true,"href":"https:\/\/www.koroinen.fi\/artikkelit\/wp-json\/wp\/v2\/users\/1"}],"replies":[{"embeddable":true,"href":"https:\/\/www.koroinen.fi\/artikkelit\/wp-json\/wp\/v2\/comments?post=1260"}],"version-history":[{"count":30,"href":"https:\/\/www.koroinen.fi\/artikkelit\/wp-json\/wp\/v2\/posts\/1260\/revisions"}],"predecessor-version":[{"id":2490,"href":"https:\/\/www.koroinen.fi\/artikkelit\/wp-json\/wp\/v2\/posts\/1260\/revisions\/2490"}],"wp:featuredmedia":[{"embeddable":true,"href":"https:\/\/www.koroinen.fi\/artikkelit\/wp-json\/wp\/v2\/media\/2457"}],"wp:attachment":[{"href":"https:\/\/www.koroinen.fi\/artikkelit\/wp-json\/wp\/v2\/media?parent=1260"}],"wp:term":[{"taxonomy":"category","embeddable":true,"href":"https:\/\/www.koroinen.fi\/artikkelit\/wp-json\/wp\/v2\/categories?post=1260"},{"taxonomy":"post_tag","embeddable":true,"href":"https:\/\/www.koroinen.fi\/artikkelit\/wp-json\/wp\/v2\/tags?post=1260"}],"curies":[{"name":"wp","href":"https:\/\/api.w.org\/{rel}","templated":true}]}}