{"id":1074,"date":"2020-03-16T13:54:15","date_gmt":"2020-03-16T11:54:15","guid":{"rendered":"http:\/\/www.koroinen.fi\/artikkelit\/?p=1074"},"modified":"2020-03-22T19:20:03","modified_gmt":"2020-03-22T17:20:03","slug":"halisakka-ja-ukko-esittelyssa","status":"publish","type":"post","link":"https:\/\/www.koroinen.fi\/artikkelit\/halisakka-ja-ukko-esittelyssa\/","title":{"rendered":"Halisakka ja -ukko esittelyss\u00e4"},"content":{"rendered":"\n<div class=\"wp-block-image\"><figure class=\"aligncenter size-large\"><img loading=\"lazy\" decoding=\"async\" width=\"480\" height=\"640\" src=\"http:\/\/www.koroinen.fi\/artikkelit\/wp-content\/uploads\/2020\/03\/IMG_1436-rotated.jpg\" alt=\"\" class=\"wp-image-1076\" srcset=\"https:\/\/www.koroinen.fi\/artikkelit\/wp-content\/uploads\/2020\/03\/IMG_1436-rotated.jpg 480w, https:\/\/www.koroinen.fi\/artikkelit\/wp-content\/uploads\/2020\/03\/IMG_1436-rotated-225x300.jpg 225w\" sizes=\"auto, (max-width: 480px) 100vw, 480px\" \/><figcaption>Halisakka vuodelta 2018<strong> Maija Lehti\u00f6<\/strong><\/figcaption><\/figure><\/div>\n\n\n\n<p><\/p>\n\n\n\n<p>KoroiSet &#8211; lehden ilmestyess\u00e4 HaliSiltana julkistetut Halisakka ja -ukko  esiteltiin lehden joulunumerossa. <\/p>\n\n\n\n<p>Lehden lakattua ilmestym\u00e4st\u00e4 2017 vuoden 2016 Halisakka <a rel=\"noreferrer noopener\" aria-label=\"Henna Laine (avautuu uudessa v\u00e4lilehdess\u00e4)\" href=\"http:\/\/www.koroinen.fi\/artikkelit\/vuoden-2016-halisakka-psykoterapeutti-henna-laine\/\" target=\"_blank\">Henna Laine<\/a> ja -ukko <a rel=\"noreferrer noopener\" aria-label=\"Tommi Ranti  (avautuu uudessa v\u00e4lilehdess\u00e4)\" href=\"http:\/\/www.koroinen.fi\/artikkelit\/vuoden-2016-halisukko-lehtori-tommi-ranti\/\" target=\"_blank\">Tommi Ranti <\/a> j\u00e4iv\u00e4t viimeisiksi esitellyiksi Halis -arvonimen saaneiksi akaksi ja ukoksi. <\/p>\n\n\n\n<p>Pyrimme korjaamaan t\u00e4m\u00e4n puutteen esittelem\u00e4ll\u00e4 niit\u00e4 Halisakkoja ja -ukkoja, jotka ovat kyseisen arvonimen saaneet, mutta joita viel\u00e4 emme ole k\u00e4yneet haastattelemassa. <\/p>\n\n\n\n<p>Sarjan aloittaa Parturi-kampaamon Punatukan <strong>Maija Lehti\u00f6<\/strong>, vuoden 2018 Halisakka, jota Pirjo Ranti k\u00e4vi haastattelemassa. Haastattelu l\u00f6ytyy alta.<\/p>\n\n\n\n<!--more-->\n\n\n\n<div class=\"wp-block-image\"><figure class=\"aligncenter size-large\"><img loading=\"lazy\" decoding=\"async\" width=\"768\" height=\"1024\" src=\"http:\/\/www.koroinen.fi\/artikkelit\/wp-content\/uploads\/2020\/03\/a25293c5-8452-45dd-af69-5be18096d4da-768x1024.jpg\" alt=\"\" class=\"wp-image-1085\" srcset=\"https:\/\/www.koroinen.fi\/artikkelit\/wp-content\/uploads\/2020\/03\/a25293c5-8452-45dd-af69-5be18096d4da-768x1023.jpg 768w, https:\/\/www.koroinen.fi\/artikkelit\/wp-content\/uploads\/2020\/03\/a25293c5-8452-45dd-af69-5be18096d4da-225x300.jpg 225w, https:\/\/www.koroinen.fi\/artikkelit\/wp-content\/uploads\/2020\/03\/a25293c5-8452-45dd-af69-5be18096d4da-1153x1536.jpg 1153w, https:\/\/www.koroinen.fi\/artikkelit\/wp-content\/uploads\/2020\/03\/a25293c5-8452-45dd-af69-5be18096d4da.jpg 1200w\" sizes=\"auto, (max-width: 768px) 100vw, 768px\" \/><figcaption>Milla kissa<\/figcaption><\/figure><\/div>\n\n\n\n<p>&#8221;Leip\u00e4juustoa lakkahillolla&nbsp;&nbsp;-niin ja l\u00e4mmitettyn\u00e4&#8221; kuvailee Halisakkamme Maija Lehti\u00f6 hoidokkinsa Milla-kissan vaatimuksia, kun siamilaisia sukujuuriakin kuulemma l\u00f6ytyy.&nbsp;<\/p>\n\n\n\n<p>Lienev\u00e4tk\u00f6 kaikki viisi kissaa yht\u00e4 laatutietoisia? Maijan kissakertomukset v\u00e4litt\u00e4v\u00e4t hyvin l\u00e4mmint\u00e4 ja &#8221;keskustelevaa&#8221; suhdetta lemmikkeihins\u00e4.&nbsp;&nbsp;&nbsp;&nbsp;&nbsp;<\/p>\n\n\n\n<p>Maija Lehti\u00f6 aloitti parturi-kampaajan uran 15-vuotiaana menty\u00e4\u00e4n ammattikouluun Saloon. Valmistumisen j\u00e4lkeen h\u00e4n palveli asiakkaita Luolavuoren kuntoutuskeskuksessa, nykyisess\u00e4 Petrean kuntoutuskeskuksessa, tuolivuokralaisena h\u00e4n toimi&nbsp;&nbsp;my\u00f6s Varissuolla. Yritt\u00e4j\u00e4n\u00e4 Maija on toiminut kaikkiaan komeat 31 vuotta.<\/p>\n\n\n\n<p>Oman yrityksen Maija perusti tultuaan Halisiin vuonna 1998, n\u00e4in syntyi Halisten oma Parturi-Kampaamo PUNATUKKA.&nbsp;&nbsp;Halisissa toiminta l\u00e4hti hyvin liikkeelle ja entisi\u00e4 asiakkaitakin tuli mukana t\u00e4nne, nykyisin tulevat ymp\u00e4rist\u00f6kunnistakin, Paraisilta, Paattisilta, Nauvosta asti. &#8221;Opiskelijat tulevat ja menev\u00e4t&#8221; tuumii Maija. Asiakaskunta on muuten hyvin uskollista, vanhin asiakassuhde on kest\u00e4nyt 38 vuotta.&nbsp;&nbsp;Pitk\u00e4\u00e4 asiakassuhdetta arvostavat my\u00f6s miehet, vaikka toisin luullaan.<\/p>\n\n\n\n<p>Parturi-kampaajan ty\u00f6 on muuttunut vuosien varrella. Alalle on tullut miehi\u00e4, erityisesti ulkomaalasia, rullakampauksia ei en\u00e4\u00e4 tehd\u00e4 ja muoti on muutenkin muuttunut luonnollisempaan suuntaan, &#8221;halutaan luonnollista&#8221;.&nbsp;&nbsp;Kampaajien k\u00e4ytt\u00e4m\u00e4t aineet ovat ekologisia, eiv\u00e4t \u00e4rsyt\u00e4 ihoa ja n\u00e4in suojelevat my\u00f6s kampaajan terveytt\u00e4.&nbsp;<\/p>\n\n\n\n<p>Maija Lehti\u00f6 kouluttautuu jatkuvasti uusien aineiden ja uusien muotivirtauksien ilmestyess\u00e4 niin valtakunnallisesti kuin paikallisestikin j\u00e4rjestetyiss\u00e4 koulutustilaisuuksissa.<\/p>\n\n\n\n<p>Halisakka- Maijan n\u00e4kee s\u00e4\u00e4nn\u00f6llisill\u00e4 ulkoilulenkeill\u00e4 Katariinan laaksossa tai rentoutumassa uimahallin vilvoittavissa vesiss\u00e4, lavatanssitkin tuovat vastapainoa arkity\u00f6h\u00f6n. Monet matkat Espanjaan ja Espanjankielen opiskelu&nbsp;&nbsp;vieh\u00e4tt\u00e4\u00e4 Maijaa niin paljon, ett\u00e4 el\u00e4kkeelle siirrytty\u00e4\u00e4n&nbsp;&nbsp;aikoo viett\u00e4\u00e4 yh\u00e4 enemm\u00e4n aikaa&nbsp;&nbsp;&nbsp;Espanjan l\u00e4mm\u00f6ss\u00e4 ja el\u00e4m\u00e4nmuodossa.&nbsp;<\/p>\n\n\n\n<p>Keskeisen ja eritt\u00e4in t\u00e4rke\u00e4n osan Maijan el\u00e4m\u00e4st\u00e4 vie 5-vuotias lapsenlapsi Mila monine leikkituokioineen ja y\u00f6kyl\u00e4ilyineen.<\/p>\n\n\n\n<p>Maija Lehti\u00f6n tyt\u00e4r Fanny Kokkonen on ty\u00f6skennellyt yrityksess\u00e4 8 vuotta ja jatkanee yritt\u00e4jyytt\u00e4 tulevaisuudessakin. Sit\u00e4 me halislaiset kovasti toivomme!<\/p>\n\n\n\n<p>Fannyn pit\u00e4m\u00e4ll\u00e4 facebook-sivustolla on melkein 500 seuraajaa. K\u00e4yp\u00e4 katsomassa, sivut <a rel=\"noreferrer noopener\" href=\"https:\/\/www.facebook.com\/pages\/category\/Barber-Shop\/Parturi-kampaamo-Punatukka-210045129068199\/\" target=\"_blank\">Parturi-kampaamo Punatukka!<\/a><\/p>\n\n\n\n<p>Parturi-kampaajan ty\u00f6 on hyvin asiakaskeskeist\u00e4, henkil\u00f6kohtaista ja luottamuksellista, joten itse kullekin meist\u00e4 se suhde muodostuu hyvin t\u00e4rke\u00e4ksi ja pitk\u00e4kestoiseksi. Toivottavasti Maija ja Fanny palvelevat meit\u00e4 Halislaisia viel\u00e4 pitk\u00e4\u00e4n!&nbsp;&nbsp;&nbsp;&nbsp;&nbsp;&nbsp;&nbsp;&nbsp;&nbsp;&nbsp;&nbsp;&nbsp;&nbsp;&nbsp;&nbsp;&nbsp;&nbsp;&nbsp;&nbsp;&nbsp;&nbsp;&nbsp;&nbsp;&nbsp;&nbsp;&nbsp;&nbsp;&nbsp;&nbsp;&nbsp;&nbsp;&nbsp;&nbsp;&nbsp;&nbsp;&nbsp;&nbsp;&nbsp;&nbsp;&nbsp;&nbsp;&nbsp;&nbsp;&nbsp;&nbsp;&nbsp;&nbsp;&nbsp;&nbsp;&nbsp;&nbsp;&nbsp;&nbsp;&nbsp;&nbsp;&nbsp;&nbsp;&nbsp;&nbsp;&nbsp;&nbsp;&nbsp;&nbsp;&nbsp;&nbsp;&nbsp;&nbsp;&nbsp;&nbsp;&nbsp;&nbsp;&nbsp;&nbsp;&nbsp;&nbsp;&nbsp;&nbsp;&nbsp;&nbsp;&nbsp;&nbsp;&nbsp;&nbsp;&nbsp;&nbsp;&nbsp;&nbsp;&nbsp;&nbsp;&nbsp;&nbsp;&nbsp;&nbsp;&nbsp;&nbsp;&nbsp;&nbsp;&nbsp;&nbsp;&nbsp;&nbsp;&nbsp;&nbsp;&nbsp;<\/p>\n\n\n\n<p>Teksti: Pirjo Ranti<\/p>\n\n\n\n<p>Kuvat: Pirjo Ranti<\/p>\n","protected":false},"excerpt":{"rendered":"<p>KoroiSet &#8211; lehden ilmestyess\u00e4 HaliSiltana julkistetut Halisakka ja -ukko esiteltiin lehden joulunumerossa. Lehden lakattua ilmestym\u00e4st\u00e4 2017 vuoden 2016 Halisakka Henna Laine ja -ukko Tommi Ranti j\u00e4iv\u00e4t viimeisiksi esitellyiksi Halis -arvonimen saaneiksi akaksi ja ukoksi. Pyrimme korjaamaan t\u00e4m\u00e4n puutteen esittelem\u00e4ll\u00e4 niit\u00e4 Halisakkoja ja -ukkoja, jotka ovat kyseisen arvonimen saaneet, mutta joita viel\u00e4 emme ole k\u00e4yneet haastattelemassa. &#8230; <a title=\"Halisakka ja -ukko esittelyss\u00e4\" class=\"read-more\" href=\"https:\/\/www.koroinen.fi\/artikkelit\/halisakka-ja-ukko-esittelyssa\/\" aria-label=\"Lue lis\u00e4\u00e4 aiheesta Halisakka ja -ukko esittelyss\u00e4\">Lue lis\u00e4\u00e4<\/a><\/p>\n","protected":false},"author":1,"featured_media":700,"comment_status":"closed","ping_status":"closed","sticky":false,"template":"","format":"standard","meta":{"footnotes":""},"categories":[64,41,37],"tags":[60,33,61],"class_list":["post-1074","post","type-post","status-publish","format-standard","has-post-thumbnail","hentry","category-halisviikko","category-koroiset","category-kotiseutuyhdistys-halinen-rantamaki-ry","tag-halisakka","tag-halisilta","tag-halisukko"],"_links":{"self":[{"href":"https:\/\/www.koroinen.fi\/artikkelit\/wp-json\/wp\/v2\/posts\/1074","targetHints":{"allow":["GET"]}}],"collection":[{"href":"https:\/\/www.koroinen.fi\/artikkelit\/wp-json\/wp\/v2\/posts"}],"about":[{"href":"https:\/\/www.koroinen.fi\/artikkelit\/wp-json\/wp\/v2\/types\/post"}],"author":[{"embeddable":true,"href":"https:\/\/www.koroinen.fi\/artikkelit\/wp-json\/wp\/v2\/users\/1"}],"replies":[{"embeddable":true,"href":"https:\/\/www.koroinen.fi\/artikkelit\/wp-json\/wp\/v2\/comments?post=1074"}],"version-history":[{"count":17,"href":"https:\/\/www.koroinen.fi\/artikkelit\/wp-json\/wp\/v2\/posts\/1074\/revisions"}],"predecessor-version":[{"id":1097,"href":"https:\/\/www.koroinen.fi\/artikkelit\/wp-json\/wp\/v2\/posts\/1074\/revisions\/1097"}],"wp:featuredmedia":[{"embeddable":true,"href":"https:\/\/www.koroinen.fi\/artikkelit\/wp-json\/wp\/v2\/media\/700"}],"wp:attachment":[{"href":"https:\/\/www.koroinen.fi\/artikkelit\/wp-json\/wp\/v2\/media?parent=1074"}],"wp:term":[{"taxonomy":"category","embeddable":true,"href":"https:\/\/www.koroinen.fi\/artikkelit\/wp-json\/wp\/v2\/categories?post=1074"},{"taxonomy":"post_tag","embeddable":true,"href":"https:\/\/www.koroinen.fi\/artikkelit\/wp-json\/wp\/v2\/tags?post=1074"}],"curies":[{"name":"wp","href":"https:\/\/api.w.org\/{rel}","templated":true}]}}