{"id":1050,"date":"2020-03-12T16:27:09","date_gmt":"2020-03-12T14:27:09","guid":{"rendered":"http:\/\/www.koroinen.fi\/artikkelit\/?p=1050"},"modified":"2020-05-03T19:52:10","modified_gmt":"2020-05-03T16:52:10","slug":"halisten-kosken-teollisuushistoria","status":"publish","type":"post","link":"https:\/\/www.koroinen.fi\/artikkelit\/halisten-kosken-teollisuushistoria\/","title":{"rendered":"HALISTEN KOSKEN TEOLLISUUSHISTORIA"},"content":{"rendered":"\n<div class=\"wp-block-image\"><figure class=\"aligncenter size-full is-resized\"><img loading=\"lazy\" decoding=\"async\" src=\"http:\/\/www.koroinen.fi\/artikkelit\/wp-content\/uploads\/2020\/03\/DSC_0744-\u2013-kopio.jpg\" alt=\"\" class=\"wp-image-1051\" width=\"448\" height=\"300\" srcset=\"https:\/\/www.koroinen.fi\/artikkelit\/wp-content\/uploads\/2020\/03\/DSC_0744-\u2013-kopio.jpg 448w, https:\/\/www.koroinen.fi\/artikkelit\/wp-content\/uploads\/2020\/03\/DSC_0744-\u2013-kopio-300x201.jpg 300w\" sizes=\"auto, (max-width: 448px) 100vw, 448px\" \/><figcaption>Halisten koski ja kyl\u00e4 t\u00e4n\u00e4\u00e4n<\/figcaption><\/figure><\/div>\n\n\n\n<p><\/p>\n\n\n\n<p>Halisten kosken voidaan sanoa olevan Suomen teollisuuden syntypaikka, kun kruunu eli silloinen valtiovalta perusti verkakutomon Halisiin 1545. <\/p>\n\n\n\n<!--more-->\n\n\n\n<p>Verkalanka kehr\u00e4ttiin Turun linnassa ja todenn\u00e4k\u00f6isesti kuljettiin Aurajokea pitkin Halisiin kudottavaksi. <\/p>\n\n\n\n<p>Sit\u00e4 ennen oli jo ainakin 200 vuotta Halisten myllyiss\u00e4 jauhettu viljaa turkulaisten ravinnoksi Aurajoen veden padottua energiaa hyv\u00e4ksi k\u00e4ytt\u00e4en. <\/p>\n\n\n\n<p>Seuraavassa on neliosainen artikkelisarja Halisten kosken elinkeinotoiminnan tuhatvuotisesta historiasta. <\/p>\n\n\n\n<p>Artikkelit on julkaistu alunperin Halisten alueella vuosina 2008 &#8211; 2017 ilmestyneess\u00e4 KoroiSet -lehdiss\u00e4.<\/p>\n\n\n\n<h3 class=\"wp-block-heading\">Halisten teollisuushistoria <\/h3>\n\n\n\n<p>OSA 1\/4<a href=\"http:\/\/www.koroinen.fi\/artikkelit\/wp-content\/uploads\/2020\/03\/Teollisuushistoria1_4.pdf\"> Kosken synnyst\u00e4 maistraatin aikaan asti 1700 -luvulle<\/a><\/p>\n\n\n\n<p>OSA 2\/4 <a rel=\"noreferrer noopener\" aria-label=\"Maistraatin aika suureen syystulvaan saakka marraskuussa 1824 (avautuu uudessa v\u00e4lilehdess\u00e4)\" href=\"http:\/\/www.koroinen.fi\/artikkelit\/wp-content\/uploads\/2020\/03\/Teollisuushistoria2_4.pdf\" target=\"_blank\">Maistraatin aika suureen syystulvaan saakka marraskuussa 1824<\/a><\/p>\n\n\n\n<p>OSA 3\/4 <a rel=\"noreferrer noopener\" aria-label=\"Myllyt apteekkari Erik Julinin hallintaan, kehitysty\u00f6 alkaa (avautuu uudessa v\u00e4lilehdess\u00e4)\" href=\"http:\/\/www.koroinen.fi\/artikkelit\/wp-content\/uploads\/2020\/03\/Teollisuushistoria3_4.pdf\" target=\"_blank\">Myllyt apteekkari Erik Julinin hallintaan, kehitysty\u00f6 alkaa<\/a><\/p>\n\n\n\n<p>OSA 4\/4 <a href=\"http:\/\/www.koroinen.fi\/artikkelit\/wp-content\/uploads\/2020\/05\/Teollisuushistoria4_4.pdf\" target=\"_blank\" rel=\"noreferrer noopener\" aria-label=\"Julinin ajasta vesilaitoksen aikaan (avautuu uudessa v\u00e4lilehdess\u00e4)\">Julinin ajasta vesilaitoksen aikaan<\/a><\/p>\n\n\n\n<p>Historian osat 1\/4 ja 2\/4 on alunperin julkaistu l\u00e4hteess\u00e4: Leinonen, Timo. \u201dHalisten teollisuushistoria Julinin aikaan vuoteen 1824. Jauhoja, verkaa, s\u00e4\u00e4misk\u00e4\u00e4 ja purjekangasta\u201d. <a rel=\"noreferrer noopener\" aria-label=\"Koroiset 3\/2009, s. 8-9 (avautuu uudessa v\u00e4lilehdess\u00e4)\" href=\"http:\/\/www.koroinen.fi\/artikkelit\/wp-content\/uploads\/2020\/04\/KoroiSet-2009_03.pdf\" target=\"_blank\">Koroiset 3\/2009, s. 8-9<\/a><\/p>\n\n\n\n<p>Historian osat 3\/4 ja 4\/4 on alunperin julkaistu l\u00e4hteess\u00e4: Leinonen, Timo. \u201dOsa 2: Julinin kaudesta  vesilaitoksen aikaan\u201d. <a rel=\"noreferrer noopener\" aria-label=\"Koroiset 3\/2009, s. 8-9 (avautuu uudessa v\u00e4lilehdess\u00e4)\" href=\"http:\/\/www.koroinen.fi\/artikkelit\/wp-content\/uploads\/2020\/04\/KoroiSet-2009_04.pdf\" target=\"_blank\">Koroiset 4\/2009, s. 8-9<\/a><\/p>\n","protected":false},"excerpt":{"rendered":"<p>Halisten kosken voidaan sanoa olevan Suomen teollisuuden syntypaikka, kun kruunu eli silloinen valtiovalta perusti verkakutomon Halisiin 1545.<\/p>\n","protected":false},"author":1,"featured_media":151,"comment_status":"closed","ping_status":"closed","sticky":false,"template":"","format":"standard","meta":{"footnotes":""},"categories":[13,41],"tags":[8,68,15,66],"class_list":["post-1050","post","type-post","status-publish","format-standard","has-post-thumbnail","hentry","category-historia","category-koroiset","tag-halinen","tag-halisten-koski","tag-halisten-kyla","tag-teollisuushistoria"],"_links":{"self":[{"href":"https:\/\/www.koroinen.fi\/artikkelit\/wp-json\/wp\/v2\/posts\/1050","targetHints":{"allow":["GET"]}}],"collection":[{"href":"https:\/\/www.koroinen.fi\/artikkelit\/wp-json\/wp\/v2\/posts"}],"about":[{"href":"https:\/\/www.koroinen.fi\/artikkelit\/wp-json\/wp\/v2\/types\/post"}],"author":[{"embeddable":true,"href":"https:\/\/www.koroinen.fi\/artikkelit\/wp-json\/wp\/v2\/users\/1"}],"replies":[{"embeddable":true,"href":"https:\/\/www.koroinen.fi\/artikkelit\/wp-json\/wp\/v2\/comments?post=1050"}],"version-history":[{"count":27,"href":"https:\/\/www.koroinen.fi\/artikkelit\/wp-json\/wp\/v2\/posts\/1050\/revisions"}],"predecessor-version":[{"id":1315,"href":"https:\/\/www.koroinen.fi\/artikkelit\/wp-json\/wp\/v2\/posts\/1050\/revisions\/1315"}],"wp:featuredmedia":[{"embeddable":true,"href":"https:\/\/www.koroinen.fi\/artikkelit\/wp-json\/wp\/v2\/media\/151"}],"wp:attachment":[{"href":"https:\/\/www.koroinen.fi\/artikkelit\/wp-json\/wp\/v2\/media?parent=1050"}],"wp:term":[{"taxonomy":"category","embeddable":true,"href":"https:\/\/www.koroinen.fi\/artikkelit\/wp-json\/wp\/v2\/categories?post=1050"},{"taxonomy":"post_tag","embeddable":true,"href":"https:\/\/www.koroinen.fi\/artikkelit\/wp-json\/wp\/v2\/tags?post=1050"}],"curies":[{"name":"wp","href":"https:\/\/api.w.org\/{rel}","templated":true}]}}